{"id":10027,"date":"2022-12-14T12:13:52","date_gmt":"2022-12-14T11:13:52","guid":{"rendered":"https:\/\/catedraldemallorca.org\/?p=10027"},"modified":"2022-12-14T12:13:52","modified_gmt":"2022-12-14T11:13:52","slug":"lonce-ha-concedit-a-la-catedral-una-maqueta-de-la-rosassa-major","status":"publish","type":"post","link":"https:\/\/catedraldemallorca.org\/ca\/noticies\/lonce-ha-concedit-a-la-catedral-una-maqueta-de-la-rosassa-major\/","title":{"rendered":"L&#8217;ONCE ha concedit a la Catedral una maqueta de la rosassa major"},"content":{"rendered":"<p>L&#8217;ONCE va confeccionar una maqueta de la rosassa major, a prop\u00f2sit de les jornades estatals de conviv\u00e8ncia que cada any se celebren en una localitat diferent, i que en 2021 van tenir lloc a Alc\u00fadia, Mallorca.<\/p>\n<p>Per aix\u00f2, i amb l&#8217;objectiu que abans de la visita, les persones cegues o amb greu discapacitat visual poguessin fer-se una idea de la joia arquitect\u00f2nica que anaven a visitar, la fundaci\u00f3 va imprimir en el seu Servei Bibliogr\u00e0fic, situat a Madrid, una maqueta de la rosassa major.<\/p>\n<p>Aquest prototip va ser confeccionat en una impressora 3D amb un material que pot ser tocat sense deteriorar-se, i que compleix amb els requisits sanitaris i de desinfecci\u00f3 necessaris. A m\u00e9s, cont\u00e9 informaci\u00f3 en braille i en \u00e0udio, mitjan\u00e7ant un codi QR.<\/p>\n<p>Finalment, per a agrair totes les facilitats prestades per part de la Catedral mitjan\u00e7ant les seves m\u00faltiples visites guiades, i despr\u00e9s de la col\u00b7laboraci\u00f3 de La Seu per a la celebraci\u00f3 del 80 aniversari de l&#8217;ONCE, el desembre de 2018. L&#8217;Organitzaci\u00f3 Nacional de Cecs Espanyols, ahir dia 13 de desembre, va donar la maqueta de la rosassa major al nostre temple.<\/p>\n<p>Aquesta maqueta romandr\u00e0 exposada en el Museu d&#8217;Art Sacre de Mallorca. D&#8217;aquesta manera, tots els visitants amb discapacitat visual i sobretot, ceguesa total, podran gaudir tamb\u00e9 de la magn\u00edfica rosassa i les seves peculiaritats.<\/p>\n<p><img decoding=\"async\" class=\"aligncenter wp-image-10021 size-large\" src=\"https:\/\/catedraldemallorca.org\/wp-content\/uploads\/2022\/12\/Fotos-maqueta-1-1024x678.jpg\" alt=\"\" width=\"1024\" height=\"678\" srcset=\"https:\/\/catedraldemallorca.org\/wp-content\/uploads\/2022\/12\/Fotos-maqueta-1-980x649.jpg 980w, https:\/\/catedraldemallorca.org\/wp-content\/uploads\/2022\/12\/Fotos-maqueta-1-480x318.jpg 480w\" sizes=\"(min-width: 0px) and (max-width: 480px) 480px, (min-width: 481px) and (max-width: 980px) 980px, (min-width: 981px) 1024px, 100vw\" \/><\/p>\n<p><img decoding=\"async\" class=\"aligncenter wp-image-10024 size-large\" src=\"https:\/\/catedraldemallorca.org\/wp-content\/uploads\/2022\/12\/Fotos-maqueta-2-1024x678.jpg\" alt=\"\" width=\"1024\" height=\"678\" srcset=\"https:\/\/catedraldemallorca.org\/wp-content\/uploads\/2022\/12\/Fotos-maqueta-2-980x649.jpg 980w, https:\/\/catedraldemallorca.org\/wp-content\/uploads\/2022\/12\/Fotos-maqueta-2-480x318.jpg 480w\" sizes=\"(min-width: 0px) and (max-width: 480px) 480px, (min-width: 481px) and (max-width: 980px) 980px, (min-width: 981px) 1024px, 100vw\" \/><\/p>\n","protected":false},"excerpt":{"rendered":"<p>L&#8217;ONCE va confeccionar una maqueta de la rosassa major, a prop\u00f2sit de les jornades estatals de conviv\u00e8ncia que cada any se celebren en una localitat diferent, i que en 2021 van tenir lloc a Alc\u00fadia, Mallorca. Per aix\u00f2, i amb l&#8217;objectiu que abans de la visita, les persones cegues o amb greu discapacitat visual poguessin [&hellip;]<\/p>\n","protected":false},"author":2,"featured_media":10018,"comment_status":"closed","ping_status":"closed","sticky":false,"template":"","format":"standard","meta":{"_et_pb_use_builder":"","_et_pb_old_content":"","_et_gb_content_width":"","footnotes":""},"categories":[43],"tags":[],"class_list":["post-10027","post","type-post","status-publish","format-standard","has-post-thumbnail","hentry","category-noticies"],"_links":{"self":[{"href":"https:\/\/catedraldemallorca.org\/ca\/wp-json\/wp\/v2\/posts\/10027","targetHints":{"allow":["GET"]}}],"collection":[{"href":"https:\/\/catedraldemallorca.org\/ca\/wp-json\/wp\/v2\/posts"}],"about":[{"href":"https:\/\/catedraldemallorca.org\/ca\/wp-json\/wp\/v2\/types\/post"}],"author":[{"embeddable":true,"href":"https:\/\/catedraldemallorca.org\/ca\/wp-json\/wp\/v2\/users\/2"}],"replies":[{"embeddable":true,"href":"https:\/\/catedraldemallorca.org\/ca\/wp-json\/wp\/v2\/comments?post=10027"}],"version-history":[{"count":1,"href":"https:\/\/catedraldemallorca.org\/ca\/wp-json\/wp\/v2\/posts\/10027\/revisions"}],"predecessor-version":[{"id":10028,"href":"https:\/\/catedraldemallorca.org\/ca\/wp-json\/wp\/v2\/posts\/10027\/revisions\/10028"}],"wp:featuredmedia":[{"embeddable":true,"href":"https:\/\/catedraldemallorca.org\/ca\/wp-json\/wp\/v2\/media\/10018"}],"wp:attachment":[{"href":"https:\/\/catedraldemallorca.org\/ca\/wp-json\/wp\/v2\/media?parent=10027"}],"wp:term":[{"taxonomy":"category","embeddable":true,"href":"https:\/\/catedraldemallorca.org\/ca\/wp-json\/wp\/v2\/categories?post=10027"},{"taxonomy":"post_tag","embeddable":true,"href":"https:\/\/catedraldemallorca.org\/ca\/wp-json\/wp\/v2\/tags?post=10027"}],"curies":[{"name":"wp","href":"https:\/\/api.w.org\/{rel}","templated":true}]}}