{"id":10264,"date":"2023-01-03T14:51:36","date_gmt":"2023-01-03T13:51:36","guid":{"rendered":"https:\/\/catedraldemallorca.org\/noticies\/la-seu-recupera-una-tradicio-del-teatre-sacro-liturgic-ladoracio-dels-reis-dorient\/"},"modified":"2023-01-03T14:51:40","modified_gmt":"2023-01-03T13:51:40","slug":"la-seu-recupera-una-tradicio-del-teatre-sacro-liturgic-ladoracio-dels-reis-dorient","status":"publish","type":"post","link":"https:\/\/catedraldemallorca.org\/ca\/noticies\/la-seu-recupera-una-tradicio-del-teatre-sacro-liturgic-ladoracio-dels-reis-dorient\/","title":{"rendered":"LA SEU RECUPER\u00c0 UNA TRADICI\u00d3 DEL TEATRE SACRO-LIT\u00daRGIC: L\u2019ADORACI\u00d3 DELS REIS D\u2019ORIENT"},"content":{"rendered":"<p><em>Gr\u00e0cies a un estudi inicial relacionat amb el patrimoni immaterial de la Seu, que han duit a terme el Sr. Rafel Morro Aguilar, Cap de l&#8217;Arxiu Capitular de Mallorca, i el Dr. Sebasti\u00e1n Escalas Sucari, T\u00e8cnic en documentaci\u00f3 de l&#8217;\u00c0rea de Conservaci\u00f3 de Patrimoni, dia 4 de gener, a les 19:00 h, la Catedral de Mallorca recuperar\u00e0 la representaci\u00f3 de l&#8217;Adoraci\u00f3 dels Reis d&#8217;Orient, una tradici\u00f3 de car\u00e0cter lit\u00fargic i cultural, que no es representa des del s. XIV.<\/em><\/p>\n<p>&nbsp;<\/p>\n<p>La Catedral de Mallorca est\u00e0 comen\u00e7ant a desenvolupar una s\u00e8rie de projectes relacionats amb el coneixement i la valoraci\u00f3 del seu patrimoni immaterial. Dins aquests projectes, la recuperaci\u00f3 del teatre medieval \u00e9s un dels objectius, tenint en compte la seva relaci\u00f3 entre la lit\u00fargia i la cultura, context on s&#8217;emmarca aquesta representaci\u00f3 de l&#8217;Adoraci\u00f3 dels Reis d\u2019Orient.<\/p>\n<p>&nbsp;<\/p>\n<p>A l&#8217;Arxiu Capitular es custodien un gran nombre de volums all\u00e0 on es poden trobar refer\u00e8ncies a les diverses festes i representacions que tenien lloc al llarg de l&#8217;any a la Seu. Els volums m\u00e9s interessants per con\u00e8ixer el procediment de la festa s\u00f3n les consuetes, ja que recullen els costums lit\u00fargics i en molts dels casos fan refer\u00e8ncia a com havien d&#8217;anar vestits, qu\u00e8 havien de cantar i com s&#8217;havien de moure els preveres de la Catedral en les diferents cerim\u00f2nies. Malauradament, cap de les consuetes custodiades a l&#8217;Arxiu i que han arribat fins avui dia, t\u00e9 refer\u00e8ncies a la representaci\u00f3 de la festa de l&#8217;Adoraci\u00f3 dels Reis. Per\u00f2 s\u00ed que es poden trobar refer\u00e8ncies a aquesta i altres festes i representacions a altra documentaci\u00f3 de l&#8217;Arxiu Capitular de la Seu.<\/p>\n<p>&nbsp;<\/p>\n<p>Pel que fa a la representaci\u00f3 de l&#8217;Adoraci\u00f3 dels Reis, la primera refer\u00e8ncia que es troba \u00e9s el pagament al pintor Pere Mar\u00e7ol, el desembre de 1392, per pintar l&#8217;estrella dels Tres Reis. Es sap per documentaci\u00f3 secund\u00e0ria que aquesta estrella es movia pel temple amb un sistema de doble fil durant l&#8217;escenificaci\u00f3 i a vegades s&#8217;utilitzaven diversos materials com encens, canyes i c\u00e0rritx. Mig segle m\u00e9s tard, el gener de 1445, es troba un pagament per celebrar l&#8217;oferta de la missa major el dia que es va fer la representaci\u00f3 dels Tres Reis d&#8217;Orient, que aquell any es va fer el 17 de gener, festivitat de Sant Antoni de Viana.<\/p>\n<p>&nbsp;<\/p>\n<p>L&#8217;Arxiu Capitular conserva, a m\u00e9s del ja esmentat, dos antifonaris \u2014entre d&#8217;altres\u2014 dels segles XV i XVI, amb les peces musicals interpretades durant la lit\u00fargia de l&#8217;epifania, de la que hom indica que sorgeix el text de la representaci\u00f3 de l&#8217;Adoraci\u00f3 dels Reis.<\/p>\n<p>Amb aquestes simples refer\u00e8ncies es pot veure com a l&#8217;edat mitjana ja es representava l&#8217;Adoraci\u00f3 dels Reis a la nostra Catedral, des de la qual s&#8217;expand\u00ed a les parr\u00f2quies de la Di\u00f2cesi. \u00c9s, per aix\u00f2, de gran inter\u00e8s per a la conservaci\u00f3 del patrimoni immaterial de la Seu con\u00e8ixer la seva hist\u00f2ria i recuperar les seves tradicions. Per aquests motius, dimecres dia 4 de gener, a les 19:00 h, la Catedral\u00a0 de Mallorca acollir\u00e0 la representaci\u00f3 de l\u2019Adoraci\u00f3 dels Reis d\u2019Orient, a c\u00e0rrec de l\u2019Associaci\u00f3 Cultural \u201cEs Seregall\u201d de Dei\u00e0.<\/p>\n<p><strong>\u00a0<\/strong><\/p>\n","protected":false},"excerpt":{"rendered":"<p>Gr\u00e0cies a un estudi inicial relacionat amb el patrimoni immaterial de la Seu, que han duit a terme el Sr. Rafel Morro Aguilar, Cap de l&#8217;Arxiu Capitular de Mallorca, i el Dr. Sebasti\u00e1n Escalas Sucari, T\u00e8cnic en documentaci\u00f3 de l&#8217;\u00c0rea de Conservaci\u00f3 de Patrimoni, dia 4 de gener, a les 19:00 h, la Catedral de [&hellip;]<\/p>\n","protected":false},"author":2,"featured_media":10261,"comment_status":"closed","ping_status":"closed","sticky":false,"template":"","format":"standard","meta":{"_et_pb_use_builder":"","_et_pb_old_content":"","_et_gb_content_width":"","footnotes":""},"categories":[43],"tags":[],"class_list":["post-10264","post","type-post","status-publish","format-standard","has-post-thumbnail","hentry","category-noticies"],"_links":{"self":[{"href":"https:\/\/catedraldemallorca.org\/ca\/wp-json\/wp\/v2\/posts\/10264","targetHints":{"allow":["GET"]}}],"collection":[{"href":"https:\/\/catedraldemallorca.org\/ca\/wp-json\/wp\/v2\/posts"}],"about":[{"href":"https:\/\/catedraldemallorca.org\/ca\/wp-json\/wp\/v2\/types\/post"}],"author":[{"embeddable":true,"href":"https:\/\/catedraldemallorca.org\/ca\/wp-json\/wp\/v2\/users\/2"}],"replies":[{"embeddable":true,"href":"https:\/\/catedraldemallorca.org\/ca\/wp-json\/wp\/v2\/comments?post=10264"}],"version-history":[{"count":1,"href":"https:\/\/catedraldemallorca.org\/ca\/wp-json\/wp\/v2\/posts\/10264\/revisions"}],"predecessor-version":[{"id":10265,"href":"https:\/\/catedraldemallorca.org\/ca\/wp-json\/wp\/v2\/posts\/10264\/revisions\/10265"}],"wp:featuredmedia":[{"embeddable":true,"href":"https:\/\/catedraldemallorca.org\/ca\/wp-json\/wp\/v2\/media\/10261"}],"wp:attachment":[{"href":"https:\/\/catedraldemallorca.org\/ca\/wp-json\/wp\/v2\/media?parent=10264"}],"wp:term":[{"taxonomy":"category","embeddable":true,"href":"https:\/\/catedraldemallorca.org\/ca\/wp-json\/wp\/v2\/categories?post=10264"},{"taxonomy":"post_tag","embeddable":true,"href":"https:\/\/catedraldemallorca.org\/ca\/wp-json\/wp\/v2\/tags?post=10264"}],"curies":[{"name":"wp","href":"https:\/\/api.w.org\/{rel}","templated":true}]}}