{"id":10798,"date":"2023-02-16T10:18:43","date_gmt":"2023-02-16T09:18:43","guid":{"rendered":"https:\/\/catedraldemallorca.org\/?p=10798"},"modified":"2023-02-16T10:18:43","modified_gmt":"2023-02-16T09:18:43","slug":"el-masm-inaugurara-una-exposicio-temporal-sobre-el-taller-dels-lopez","status":"publish","type":"post","link":"https:\/\/catedraldemallorca.org\/ca\/noticies\/el-masm-inaugurara-una-exposicio-temporal-sobre-el-taller-dels-lopez\/","title":{"rendered":"EL MASM INAUGURAR\u00c0 UNA EXPOSICI\u00d3 TEMPORAL SOBRE EL TALLER DELS L\u00d3PEZ"},"content":{"rendered":"<p><em>\u201cLa Mare de D\u00e9u del Roser\u201d, el &#8216;Pont del Purgatori&#8217; i la &#8216;Divina Generaci\u00f3&#8217; seran algunes de les peces del taller dels L\u00f3pez que s&#8217;exposaran en el MASM fins a l\u2019octubre del 2024.<\/em><\/p>\n<p><em>\u00a0<\/em>El Museu d\u2019Art Sacre de Mallorca acollir\u00e0 una nova exposici\u00f3 temporal titulada <strong>\u201cEl taller dels L\u00f3pez i la pintura religiosa del Renaixement a Mallorca\u201d<\/strong>, oberta des del 23 de febrer de 2023 al 31 d\u2019octubre 2024. Les peces que s&#8217;exposaran provenen de les parr\u00f2quies de Montu\u00efri, Sencelles i Santa Eul\u00e0lia; i tamb\u00e9 del Museu de Mallorca, de la Catedral de Mallorca i del propi fons del Museu d\u2019Art Sacre de Mallorca.<\/p>\n<p><em>\u00a0<\/em>Mateu L\u00f3pez s\u00e8nior va ser un pintor cordov\u00e8s que degu\u00e9 treballar a Val\u00e8ncia al taller de Vicen\u00e7 Macip i del seu fill Joan de Joanes. Va arribar a Mallorca a trav\u00e9s de l\u2019enc\u00e0rrec d\u2019un retaule que va fer la Catedral de Mallorca als Macip. Despr\u00e9s, el Cap\u00edtol Catedral li encoman\u00e0 el retaule de les \u00c0nimes del Purgatori, un treball que li degu\u00e9 reportar una forta repercussi\u00f3. Aix\u00f2 feu que decid\u00eds instal\u00b7lar-se a l\u2019illa i obrir el seu propi taller a partir de 1546, on tamb\u00e9 hi treball\u00e0 anys despr\u00e9s el seu fill, Mateu L\u00f3pez j\u00fanior.<\/p>\n<p>El taller dels L\u00f3pez va ser un dels tallers de pintura religiosa m\u00e9s importants de la Mallorca del segle XVI. Amb les seves obres, els L\u00f3pez normalitzaren la iconografia religiosa a la llum de la Contrareforma, la qual cosa va marcar preferentment la manera de tractar les imatges per part de la resta de pintors mallorquins de l\u2019\u00e8poca,\u00a0i consolidaren l\u2019estil del renaixement a l\u2019illa.<\/p>\n<p>M\u00e9s enll\u00e0 de les recerques centrades en el context hist\u00f2ric i art\u00edstic del segle XVI, encara s\u00f3n escassos els especialitzats sobre el taller dels L\u00f3pez. En aquest context historiogr\u00e0fic, s&#8217;ha dissenyat la present exposici\u00f3 que ens convida a fer un recorregut per la producci\u00f3 d&#8217;aquests pintors, els qui sens dubte varen deixar una important empremta en el panorama art\u00edstic mallorqu\u00ed. La inauguraci\u00f3 de l&#8217;exposici\u00f3 ser\u00e0 el pr\u00f2xim dia 23 de febrer a les 19.00 hores.<\/p>\n<p>En el marc de l\u2019exposici\u00f3, se celebraran diverses confer\u00e8ncies per aprofundir en el coneixement de l\u2019obra dels L\u00f3pez, amb especialistes en la mat\u00e8ria. Tamb\u00e9 es donar\u00e0 l&#8217;oportunitat de concertar visites guiades per a entitats, associacions o grups escolars. I de manera peri\u00f2dica es duran a terme activitats o visites guiades relacionades amb aquesta tem\u00e0tica, incloent-hi activitats per a fam\u00edlies amb nens de 4 a 10 anys.<\/p>\n","protected":false},"excerpt":{"rendered":"<p>\u201cLa Mare de D\u00e9u del Roser\u201d, el &#8216;Pont del Purgatori&#8217; i la &#8216;Divina Generaci\u00f3&#8217; seran algunes de les peces del taller dels L\u00f3pez que s&#8217;exposaran en el MASM fins a l\u2019octubre del 2024. \u00a0El Museu d\u2019Art Sacre de Mallorca acollir\u00e0 una nova exposici\u00f3 temporal titulada \u201cEl taller dels L\u00f3pez i la pintura religiosa del Renaixement [&hellip;]<\/p>\n","protected":false},"author":2,"featured_media":10794,"comment_status":"closed","ping_status":"closed","sticky":false,"template":"","format":"standard","meta":{"_et_pb_use_builder":"","_et_pb_old_content":"","_et_gb_content_width":"","footnotes":""},"categories":[43],"tags":[],"class_list":["post-10798","post","type-post","status-publish","format-standard","has-post-thumbnail","hentry","category-noticies"],"_links":{"self":[{"href":"https:\/\/catedraldemallorca.org\/ca\/wp-json\/wp\/v2\/posts\/10798","targetHints":{"allow":["GET"]}}],"collection":[{"href":"https:\/\/catedraldemallorca.org\/ca\/wp-json\/wp\/v2\/posts"}],"about":[{"href":"https:\/\/catedraldemallorca.org\/ca\/wp-json\/wp\/v2\/types\/post"}],"author":[{"embeddable":true,"href":"https:\/\/catedraldemallorca.org\/ca\/wp-json\/wp\/v2\/users\/2"}],"replies":[{"embeddable":true,"href":"https:\/\/catedraldemallorca.org\/ca\/wp-json\/wp\/v2\/comments?post=10798"}],"version-history":[{"count":2,"href":"https:\/\/catedraldemallorca.org\/ca\/wp-json\/wp\/v2\/posts\/10798\/revisions"}],"predecessor-version":[{"id":10801,"href":"https:\/\/catedraldemallorca.org\/ca\/wp-json\/wp\/v2\/posts\/10798\/revisions\/10801"}],"wp:featuredmedia":[{"embeddable":true,"href":"https:\/\/catedraldemallorca.org\/ca\/wp-json\/wp\/v2\/media\/10794"}],"wp:attachment":[{"href":"https:\/\/catedraldemallorca.org\/ca\/wp-json\/wp\/v2\/media?parent=10798"}],"wp:term":[{"taxonomy":"category","embeddable":true,"href":"https:\/\/catedraldemallorca.org\/ca\/wp-json\/wp\/v2\/categories?post=10798"},{"taxonomy":"post_tag","embeddable":true,"href":"https:\/\/catedraldemallorca.org\/ca\/wp-json\/wp\/v2\/tags?post=10798"}],"curies":[{"name":"wp","href":"https:\/\/api.w.org\/{rel}","templated":true}]}}