{"id":11374,"date":"2023-03-31T14:27:05","date_gmt":"2023-03-31T12:27:05","guid":{"rendered":"https:\/\/catedraldemallorca.org\/noticies\/la-capella-de-la-seu-estrenara-nou-repertori-liturgic\/"},"modified":"2023-03-31T14:27:05","modified_gmt":"2023-03-31T12:27:05","slug":"la-capella-de-la-seu-estrenara-nou-repertori-liturgic","status":"publish","type":"post","link":"https:\/\/catedraldemallorca.org\/ca\/noticies\/la-capella-de-la-seu-estrenara-nou-repertori-liturgic\/","title":{"rendered":"La Capella de la Seu estrenar\u00e0 nou repertori lit\u00fargic"},"content":{"rendered":"<p>La Capella de la Seu, dirigida pel Mestre Joan Company, i acompanyada a l\u2019orgue per l\u2019organista titular de la Seu, Bartomeu Mut, estrenar\u00e0 nou repertori lit\u00fargic dins el marc de la Missa Crismal el proper dimecres dia 5 d\u2019abril a la Catedral de Mallorca. <br \/>Es tracta d\u2019un repertori escrit fa uns anys, expressament per a aquesta celebraci\u00f3 lit\u00fargica anual, a inst\u00e0ncies de la Delegaci\u00f3 de Pastoral Catequ\u00e8tica i Lit\u00fargica del Bisbat de Mallorca. <br \/>Els autors s\u00f3n els compositors mallorquins P. Francesc Batle i Baltasar Bibiloni, que escriviren aquesta m\u00fasica per a la solemnitzaci\u00f3 de la Missa Crismal, que es celebrar\u00e0 el Dimecres Sant. Tot i que aquesta m\u00fasica s\u2019hagu\u00e9s fet ja fa un grapat d\u2019anys, mai abans s\u2019havia pogut estrenar encara fins enguany. <br \/>El conjunt d\u2019aquestes obres est\u00e0 format per un cant d\u2019entrada, un salm responsorial, una invocaci\u00f3 per abans de l\u2019evangeli i un cant d\u2019ofertori. Els compositors aconsegueixen amb aquesta m\u00fasica una doble funci\u00f3 del cant dins la lit\u00fargia. D\u2019una banda, la participaci\u00f3 activa de l\u2019assemblea i per l\u2019altra la interpretaci\u00f3 de la polifonia per part de la Capella. <br \/>Aquesta estrena s\u2019emmarca dins un dels objectius que es proposa el director de la formaci\u00f3, i que no \u00e9s altre que el de la recuperaci\u00f3 i divulgaci\u00f3 de la m\u00fasica lit\u00fargica escrita pels compositors mallorquins.<\/p>\n","protected":false},"excerpt":{"rendered":"<p>La Capella de la Seu, dirigida pel Mestre Joan Company, i acompanyada a l\u2019orgue per l\u2019organista titular de la Seu, Bartomeu Mut, estrenar\u00e0 nou repertori lit\u00fargic dins el marc de la Missa Crismal el proper dimecres dia 5 d\u2019abril a la Catedral de Mallorca. Es tracta d\u2019un repertori escrit fa uns anys, expressament per a [&hellip;]<\/p>\n","protected":false},"author":2,"featured_media":11371,"comment_status":"closed","ping_status":"closed","sticky":false,"template":"","format":"standard","meta":{"_et_pb_use_builder":"","_et_pb_old_content":"","_et_gb_content_width":"","footnotes":""},"categories":[43],"tags":[],"class_list":["post-11374","post","type-post","status-publish","format-standard","has-post-thumbnail","hentry","category-noticies"],"_links":{"self":[{"href":"https:\/\/catedraldemallorca.org\/ca\/wp-json\/wp\/v2\/posts\/11374","targetHints":{"allow":["GET"]}}],"collection":[{"href":"https:\/\/catedraldemallorca.org\/ca\/wp-json\/wp\/v2\/posts"}],"about":[{"href":"https:\/\/catedraldemallorca.org\/ca\/wp-json\/wp\/v2\/types\/post"}],"author":[{"embeddable":true,"href":"https:\/\/catedraldemallorca.org\/ca\/wp-json\/wp\/v2\/users\/2"}],"replies":[{"embeddable":true,"href":"https:\/\/catedraldemallorca.org\/ca\/wp-json\/wp\/v2\/comments?post=11374"}],"version-history":[{"count":0,"href":"https:\/\/catedraldemallorca.org\/ca\/wp-json\/wp\/v2\/posts\/11374\/revisions"}],"wp:featuredmedia":[{"embeddable":true,"href":"https:\/\/catedraldemallorca.org\/ca\/wp-json\/wp\/v2\/media\/11371"}],"wp:attachment":[{"href":"https:\/\/catedraldemallorca.org\/ca\/wp-json\/wp\/v2\/media?parent=11374"}],"wp:term":[{"taxonomy":"category","embeddable":true,"href":"https:\/\/catedraldemallorca.org\/ca\/wp-json\/wp\/v2\/categories?post=11374"},{"taxonomy":"post_tag","embeddable":true,"href":"https:\/\/catedraldemallorca.org\/ca\/wp-json\/wp\/v2\/tags?post=11374"}],"curies":[{"name":"wp","href":"https:\/\/api.w.org\/{rel}","templated":true}]}}