{"id":11403,"date":"2023-04-12T09:53:08","date_gmt":"2023-04-12T07:53:08","guid":{"rendered":"https:\/\/catedraldemallorca.org\/noticies\/cicle-de-conferencies\/"},"modified":"2023-04-12T12:15:27","modified_gmt":"2023-04-12T10:15:27","slug":"cicle-de-conferencies","status":"publish","type":"post","link":"https:\/\/catedraldemallorca.org\/ca\/noticies\/cicle-de-conferencies\/","title":{"rendered":"Cicle de confer\u00e8ncies"},"content":{"rendered":"<p>Durant els pr\u00f2xims mesos d&#8217;abril i maig la Catedral de Mallorca, conjuntament amb la C\u00e0tedra Seu de Mallorca, dur\u00e0 a terme tres confer\u00e8ncies que cobriran una varietat de temes interessants i seran presentades per experts en els seus respectius camps d&#8217;especialitzaci\u00f3.<\/p>\n<p>La primera <strong>confer\u00e8ncia<\/strong> tindr\u00e0 lloc el pr\u00f2xim <strong>26 d&#8217;abril<\/strong> a les <strong>19.00 h<\/strong> a la <strong>Seu<\/strong> i abordar\u00e0 el tema de <strong>l&#8217;escultura arquitect\u00f2nica de la Catedral a l&#8217;\u00e8poca medieval<\/strong>. Des dels inicis de la seva construcci\u00f3, la Catedral de Mallorca ha estat receptacle de bona part dels millors exponents de l\u2019art illenc de totes les \u00e8poques, esdevenint, aix\u00ed, la morada d\u2019un conjunt de b\u00e9ns mobles que no t\u00e9 parang\u00f3. L\u2019escultura arquitect\u00f2nica, en canvi, es caracteritza per esser una manifestaci\u00f3 art\u00edstica indeslligable de l\u2019arquitectura per\u00f2, al mateix temps, revestida d\u2019autonomia pr\u00f2pia. Precisament, aquesta simbiosi amb l\u2019edifici condiciona que sovint passi desapercebuda a un p\u00fablic inexpert. La confer\u00e8ncia, doncs, pret\u00e9n donar a con\u00e8ixer un patrimoni que compta amb exponents de gran qualitat dins el g\u00f2tic europeu. Amb conseq\u00fc\u00e8ncia, es far\u00e0 un recorregut pels conjunts d\u2019escultura arquitect\u00f2nica d\u2019\u00e8poca medieval que es conserven a la Seu, destacant la Capella de la Trinitat, el Portal del Mirador i el Portal de l\u2019Almoina. Aquesta confer\u00e8ncia ser\u00e0 presentada per la <strong>Dra. Ant\u00f2nia Juan<\/strong>, professora i investigadora de la Universitat de les Illes Balears.<\/p>\n<p>La segona <strong>confer\u00e8ncia<\/strong> a c\u00e0rrec de <strong>Dra. Aina Escobar<\/strong>, investigadora del Grup CPAR i de la UIB, se centrar\u00e0 en <strong>l&#8217;escenografia lit\u00fargica de l&#8217;edat moderna a la Seu<\/strong>. Arquitectures ef\u00edmeres, t\u00e8xtils, llumin\u00e0ria, efectes sonors i olfactius han estat alguns dels recursos usats a l&#8217;\u00e8poca moderna per a transformar la Catedral en una escenografia lit\u00fargica de car\u00e0cter multisensorial per celebrar les principals cerim\u00f2nies i esdeveniments de Ciutat de Mallorca als segles XVI i XVII. Es tracta d&#8217;un passat art\u00edstic per descobrir una part de l&#8217;estudi del patrimoni cultural immaterial de Mallorca. Ser\u00e0 el pr\u00f2xim <strong>3 de maig<\/strong> a les 19.00 h en la Catedral.<\/p>\n<p>La tercera i \u00faltima <strong>confer\u00e8ncia<\/strong> es dur\u00e0 a terme el pr\u00f2xim <strong>18<\/strong> de <strong>maig<\/strong> a les <strong>19:00 h<\/strong> aquesta vegada en el <strong>Museu d&#8217;Art Sacre de Mallorca<\/strong>, a c\u00e0rrec del <strong>Dr. Andreu Villalonga<\/strong>, professor i investigador de la Universitat de les Illes Baleares. La <strong>celebraci\u00f3 del Dia Internacional dels Museus<\/strong> i l\u2019exposici\u00f3 sobre el taller dels L\u00f3pez organitzada pel Museu d\u2019Art Sacre de Mallorca ofereix una ocasi\u00f3 excel\u00b7lent per reflexionar sobre els continguts i les potencialitats d\u2019una instituci\u00f3 dedicada a la preservaci\u00f3, investigaci\u00f3 i divulgaci\u00f3 de l&#8217;art sacre. Es plantejar\u00e0 <strong>una<\/strong> <strong>proposta de lectura de la imatge religiosa, sorgida dels pinzells dels L\u00f3pez<\/strong>, que no s\u2019esgoti en s\u00ed mateixa, que intenti anar m\u00e9s enll\u00e0 dels valors formals i de la catalogaci\u00f3 estil\u00edstica, recuperant la mem\u00f2ria hist\u00f2rica de la seva funci\u00f3 original com a instrument cultual i posant en valor les possibilitats did\u00e0ctiques de l&#8217;art sacre com a mecanisme de divulgaci\u00f3 dels continguts escripturals i teol\u00f2gics que els L\u00f3pez\u00a0 varen saber interpretar tan b\u00e9. Potser per aix\u00f2, sense desmer\u00e8ixer altres factors, configuraren el taller pict\u00f2ric insular m\u00e9s prestigi\u00f3s i sol\u00b7licitat de la segona meitat del cinc-cents.<\/p>\n","protected":false},"excerpt":{"rendered":"<p>Durant els pr\u00f2xims mesos d&#8217;abril i maig la Catedral de Mallorca, conjuntament amb la C\u00e0tedra Seu de Mallorca, dur\u00e0 a terme tres confer\u00e8ncies que cobriran una varietat de temes interessants i seran presentades per experts en els seus respectius camps d&#8217;especialitzaci\u00f3. La primera confer\u00e8ncia tindr\u00e0 lloc el pr\u00f2xim 26 d&#8217;abril a les 19.00 h a [&hellip;]<\/p>\n","protected":false},"author":2,"featured_media":11400,"comment_status":"closed","ping_status":"closed","sticky":false,"template":"","format":"standard","meta":{"_et_pb_use_builder":"","_et_pb_old_content":"","_et_gb_content_width":"","footnotes":""},"categories":[43],"tags":[],"class_list":["post-11403","post","type-post","status-publish","format-standard","has-post-thumbnail","hentry","category-noticies"],"_links":{"self":[{"href":"https:\/\/catedraldemallorca.org\/ca\/wp-json\/wp\/v2\/posts\/11403","targetHints":{"allow":["GET"]}}],"collection":[{"href":"https:\/\/catedraldemallorca.org\/ca\/wp-json\/wp\/v2\/posts"}],"about":[{"href":"https:\/\/catedraldemallorca.org\/ca\/wp-json\/wp\/v2\/types\/post"}],"author":[{"embeddable":true,"href":"https:\/\/catedraldemallorca.org\/ca\/wp-json\/wp\/v2\/users\/2"}],"replies":[{"embeddable":true,"href":"https:\/\/catedraldemallorca.org\/ca\/wp-json\/wp\/v2\/comments?post=11403"}],"version-history":[{"count":1,"href":"https:\/\/catedraldemallorca.org\/ca\/wp-json\/wp\/v2\/posts\/11403\/revisions"}],"predecessor-version":[{"id":11405,"href":"https:\/\/catedraldemallorca.org\/ca\/wp-json\/wp\/v2\/posts\/11403\/revisions\/11405"}],"wp:featuredmedia":[{"embeddable":true,"href":"https:\/\/catedraldemallorca.org\/ca\/wp-json\/wp\/v2\/media\/11400"}],"wp:attachment":[{"href":"https:\/\/catedraldemallorca.org\/ca\/wp-json\/wp\/v2\/media?parent=11403"}],"wp:term":[{"taxonomy":"category","embeddable":true,"href":"https:\/\/catedraldemallorca.org\/ca\/wp-json\/wp\/v2\/categories?post=11403"},{"taxonomy":"post_tag","embeddable":true,"href":"https:\/\/catedraldemallorca.org\/ca\/wp-json\/wp\/v2\/tags?post=11403"}],"curies":[{"name":"wp","href":"https:\/\/api.w.org\/{rel}","templated":true}]}}