{"id":11587,"date":"2023-05-07T09:11:38","date_gmt":"2023-05-07T07:11:38","guid":{"rendered":"https:\/\/catedraldemallorca.org\/?p=11587"},"modified":"2023-05-09T09:11:26","modified_gmt":"2023-05-09T07:11:26","slug":"missa-per-mallorca-missionera","status":"publish","type":"post","link":"https:\/\/catedraldemallorca.org\/ca\/noticies\/missa-per-mallorca-missionera\/","title":{"rendered":"Missa per Mallorca Missionera"},"content":{"rendered":"<p>La jornada de \u201cMallorca Missionera\u201d que gaudeix d\u2019una gran tradici\u00f3 dins la nostra Esgl\u00e9sia. Parr\u00f2quies, esgl\u00e9sies i comunitats de la Di\u00f2cesi de Mallorca s\u2019han sumat a la col\u00b7lecta i Mons. Sebasti\u00e0 Taltavull va oferir la missa de diumenge a les 10.30 hores a la nostra Catedral.<\/p>\n<p>Els nostres 54 missioners mallorquins, repartits arreu del m\u00f3n, amb la seva pres\u00e8ncia constant, quan s\u00f3n not\u00edcia i quan no ho s\u00f3n, fan present l\u2019amor universal de Jes\u00fas treballant esfor\u00e7adament per a be\u0301 dels m\u00e9s necessitats. \u00c9s una bona ocasi\u00f3 per renovar la dimensi\u00f3 missionera de l\u2019Esgl\u00e9sia local i per fer m\u00e9s efectiva la solidaritat. \u00c9s un bon moment per tenir ben presents els nostres germans i germanes que treballen en aquells pa\u00efsos, amb el nostre record, la nostra preg\u00e0ria i la nostra ajuda econ\u00f2mica.<\/p>\n","protected":false},"excerpt":{"rendered":"<p>La jornada de \u201cMallorca Missionera\u201d que gaudeix d\u2019una gran tradici\u00f3 dins la nostra Esgl\u00e9sia. Parr\u00f2quies, esgl\u00e9sies i comunitats de la Di\u00f2cesi de Mallorca s\u2019han sumat a la col\u00b7lecta i Mons. Sebasti\u00e0 Taltavull va oferir la missa de diumenge a les 10.30 hores a la nostra Catedral. Els nostres 54 missioners mallorquins, repartits arreu del m\u00f3n, [&hellip;]<\/p>\n","protected":false},"author":2,"featured_media":11584,"comment_status":"closed","ping_status":"closed","sticky":false,"template":"","format":"standard","meta":{"_et_pb_use_builder":"","_et_pb_old_content":"","_et_gb_content_width":"","footnotes":""},"categories":[43],"tags":[],"class_list":["post-11587","post","type-post","status-publish","format-standard","has-post-thumbnail","hentry","category-noticies"],"_links":{"self":[{"href":"https:\/\/catedraldemallorca.org\/ca\/wp-json\/wp\/v2\/posts\/11587","targetHints":{"allow":["GET"]}}],"collection":[{"href":"https:\/\/catedraldemallorca.org\/ca\/wp-json\/wp\/v2\/posts"}],"about":[{"href":"https:\/\/catedraldemallorca.org\/ca\/wp-json\/wp\/v2\/types\/post"}],"author":[{"embeddable":true,"href":"https:\/\/catedraldemallorca.org\/ca\/wp-json\/wp\/v2\/users\/2"}],"replies":[{"embeddable":true,"href":"https:\/\/catedraldemallorca.org\/ca\/wp-json\/wp\/v2\/comments?post=11587"}],"version-history":[{"count":6,"href":"https:\/\/catedraldemallorca.org\/ca\/wp-json\/wp\/v2\/posts\/11587\/revisions"}],"predecessor-version":[{"id":11595,"href":"https:\/\/catedraldemallorca.org\/ca\/wp-json\/wp\/v2\/posts\/11587\/revisions\/11595"}],"wp:featuredmedia":[{"embeddable":true,"href":"https:\/\/catedraldemallorca.org\/ca\/wp-json\/wp\/v2\/media\/11584"}],"wp:attachment":[{"href":"https:\/\/catedraldemallorca.org\/ca\/wp-json\/wp\/v2\/media?parent=11587"}],"wp:term":[{"taxonomy":"category","embeddable":true,"href":"https:\/\/catedraldemallorca.org\/ca\/wp-json\/wp\/v2\/categories?post=11587"},{"taxonomy":"post_tag","embeddable":true,"href":"https:\/\/catedraldemallorca.org\/ca\/wp-json\/wp\/v2\/tags?post=11587"}],"curies":[{"name":"wp","href":"https:\/\/api.w.org\/{rel}","templated":true}]}}