{"id":11616,"date":"2023-05-19T09:40:50","date_gmt":"2023-05-19T07:40:50","guid":{"rendered":"https:\/\/catedraldemallorca.org\/?p=11616"},"modified":"2023-05-29T11:50:08","modified_gmt":"2023-05-29T09:50:08","slug":"el-canonge-mn-gabriel-amengual-nou-integrant-de-la-reial-academia-de-ciencies-morals-i-politiques","status":"publish","type":"post","link":"https:\/\/catedraldemallorca.org\/ca\/noticies\/el-canonge-mn-gabriel-amengual-nou-integrant-de-la-reial-academia-de-ciencies-morals-i-politiques\/","title":{"rendered":"El canonge Mn. Gabriel Amengual, nou integrant de la Reial Acad\u00e8mia de Ci\u00e8ncies Morals i Pol\u00edtiques"},"content":{"rendered":"<p style=\"text-align: justify;\">El proper dimarts 23 de maig, el doctor Gabriel Amengual Coll, fil\u00f2sof mallorqu\u00ed, professor em\u00e8rit de la Universitat de les Illes Balears i canonge de la Catedral de Mallorca, prendr\u00e0 possessi\u00f3 de la medalla i el diploma que acrediten la seva condici\u00f3 d&#8217;acad\u00e8mic de la Reial Acad\u00e8mia de les Ci\u00e8ncies Morals i pol\u00edtiques. <br \/>La Reial Acad\u00e8mia de Ci\u00e8ncies Morals i Pol\u00edtiques (RACMYP) \u00e9s un f\u00f2rum de trobada dels sabers socials, econ\u00f2mics, filos\u00f2fics, pol\u00edtics i jur\u00eddics. L&#8217;acad\u00e8mia \u00e9s un espai de debat sobre idees i q\u00fcestions centrals de la nostra societat, un centre difusor de coneixement i un laboratori de recerca i de cr\u00edtica. Tot aix\u00f2 basat en l&#8217;experi\u00e8ncia dels seus acad\u00e8mics, personalitats de gran significaci\u00f3 en la vida pol\u00edtica, social i econ\u00f2mica espanyola dels dos darrers segles. <br \/>El passat 22 de maig de 2022, el doctor Gabriel Amengual va ser elegit acad\u00e8mic corresponent i un any m\u00e9s tard prendr\u00e0 possessi\u00f3, en un acte semiprivat, de la medalla i del diploma que acreditaran aquest c\u00e0rrec. Durant l&#8217;acte pronunciar\u00e0 el discurs inaugural titulat \u201cPer a la reconstrucci\u00f3 del subjecte\u201d. <br \/>\u201cEn termes generals, explica Amengual, el que significa per a mi aquest nomenament \u00e9s un reconeixement a una traject\u00f2ria acad\u00e8mica. Entenc que no nom\u00e9s personal, sin\u00f3 tamb\u00e9 dels companys i les institucions en les que he treballat, com \u00e9s la UIB i el CETEM i m\u00e9s enll\u00e0 d&#8217;aquestes, a totes aquelles en les quals em vaig poder formar, des del Seminari Dioces\u00e0 de Mallorca fins a les Universitats i dintre aquestes i altres institucions a tantes persones, professors i companys d&#8217;estudi i de treball, que m&#8217;han inspirat i ajudat. Hi ha tot un rosari de noms -no sols de caire acad\u00e8mic- que seria llarg esmentar i als quals els dec tant que formen l&#8217;entrunyellat de la meva vida, i ara, es fan presents en aquests moments.\u201d <br \/>Mn. Gabriel Amengual Coll (Santa Eug\u00e8nia, Balears, 25 de gener del 1943). Va ser ordenat sacerdot l\u2019any 1966. Es form\u00e0 a Roma, Barcelona i M\u00fcnster i aconsegu\u00ed el t\u00edtol de doctor en Filosofia i en Teologia. Canonge de la Catedral de Mallorca i catedr\u00e0tic d&#8217;Hist\u00f2ria de la Filosofia a la Universitat de les Illes Balears. Les seves recerques se centren en els camps de l&#8217;antropologia filos\u00f2fica, filosofia de la religi\u00f3, filosofia de la hist\u00f2ria, filosofia moderna i filosofia contempor\u00e0nia. Destaca molt especialment pels seus estudis sobre l&#8217;obra del pensador alemany Hegel. \u00c9s professor em\u00e8rit del Centre d&#8217;Estudis Teol\u00f2gics de Mallorca i de l\u2019ISUCIR (Institut Superior de Ci\u00e8ncies Religioses) i des de 1977, a la Universitat de les Illes Balears, de la qual \u00e9s actualment catedr\u00e0tic em\u00e8rit de Filosofia. S&#8217;ha dedicat sobretot a la hist\u00f2ria de la filosofia moderna i contempor\u00e0nia, preferentment alemanya.<\/p>\n","protected":false},"excerpt":{"rendered":"<p>El proper dimarts 23 de maig, el doctor Gabriel Amengual Coll, fil\u00f2sof mallorqu\u00ed, professor em\u00e8rit de la Universitat de les Illes Balears i canonge de la Catedral de Mallorca, prendr\u00e0 possessi\u00f3 de la medalla i el diploma que acrediten la seva condici\u00f3 d&#8217;acad\u00e8mic de la Reial Acad\u00e8mia de les Ci\u00e8ncies Morals i pol\u00edtiques. La Reial [&hellip;]<\/p>\n","protected":false},"author":2,"featured_media":11613,"comment_status":"closed","ping_status":"closed","sticky":false,"template":"","format":"standard","meta":{"_et_pb_use_builder":"","_et_pb_old_content":"","_et_gb_content_width":"","footnotes":""},"categories":[43],"tags":[],"class_list":["post-11616","post","type-post","status-publish","format-standard","has-post-thumbnail","hentry","category-noticies"],"_links":{"self":[{"href":"https:\/\/catedraldemallorca.org\/ca\/wp-json\/wp\/v2\/posts\/11616","targetHints":{"allow":["GET"]}}],"collection":[{"href":"https:\/\/catedraldemallorca.org\/ca\/wp-json\/wp\/v2\/posts"}],"about":[{"href":"https:\/\/catedraldemallorca.org\/ca\/wp-json\/wp\/v2\/types\/post"}],"author":[{"embeddable":true,"href":"https:\/\/catedraldemallorca.org\/ca\/wp-json\/wp\/v2\/users\/2"}],"replies":[{"embeddable":true,"href":"https:\/\/catedraldemallorca.org\/ca\/wp-json\/wp\/v2\/comments?post=11616"}],"version-history":[{"count":2,"href":"https:\/\/catedraldemallorca.org\/ca\/wp-json\/wp\/v2\/posts\/11616\/revisions"}],"predecessor-version":[{"id":11709,"href":"https:\/\/catedraldemallorca.org\/ca\/wp-json\/wp\/v2\/posts\/11616\/revisions\/11709"}],"wp:featuredmedia":[{"embeddable":true,"href":"https:\/\/catedraldemallorca.org\/ca\/wp-json\/wp\/v2\/media\/11613"}],"wp:attachment":[{"href":"https:\/\/catedraldemallorca.org\/ca\/wp-json\/wp\/v2\/media?parent=11616"}],"wp:term":[{"taxonomy":"category","embeddable":true,"href":"https:\/\/catedraldemallorca.org\/ca\/wp-json\/wp\/v2\/categories?post=11616"},{"taxonomy":"post_tag","embeddable":true,"href":"https:\/\/catedraldemallorca.org\/ca\/wp-json\/wp\/v2\/tags?post=11616"}],"curies":[{"name":"wp","href":"https:\/\/api.w.org\/{rel}","templated":true}]}}