{"id":11701,"date":"2023-05-29T11:38:50","date_gmt":"2023-05-29T09:38:50","guid":{"rendered":"https:\/\/catedraldemallorca.org\/noticies\/imposicio-del-roquet-als-nous-vermells-de-la-seu\/"},"modified":"2023-05-29T11:49:15","modified_gmt":"2023-05-29T09:49:15","slug":"imposicio-del-roquet-als-nous-vermells-de-la-seu","status":"publish","type":"post","link":"https:\/\/catedraldemallorca.org\/ca\/noticies\/imposicio-del-roquet-als-nous-vermells-de-la-seu\/","title":{"rendered":"Imposici\u00f3 del roquet als nous Vermells de la Seu"},"content":{"rendered":"<p style=\"text-align: justify;\">El \u00a0Diumenge de Pentecosta ha estat el dia que 14 nous cantaires es varen incorporar a l&#8217;escolania \u00abEls Vermells de la Seu\u00bb, dirigida per Gl\u00f2ria Ber\u00f3n.<\/p>\n<p style=\"text-align: justify;\">El deg\u00e0 de la Seu, Mn. Teodor Suau, va donar la benvinguda als cantaires i els seus familiars que varen assistir a l&#8217;acte d&#8217;entrega del roquet als nous components.<\/p>\n<p style=\"text-align: justify;\">Els pares de cada un dels nins varen recollir el roquet de mans de Mn. Pere Oliver, responsable de Pastoral, per revestir-los i sumar-se aix\u00ed a l&#8217;escolania. Seguidament, \u00abEls Vermells\u00bb varen interpretar la pe\u00e7a \u00abLiberanos Domine\u00bb, acompanyats a l&#8217;orgue per un d&#8217;ells, n&#8217;Agust\u00ed Aguil\u00f3.<\/p>\n<p style=\"text-align: justify;\">L&#8217;acte va finalitzar amb unes paraules d&#8217;agra\u00efment, una foto de grup amb la seva directora i una s\u00e8rie de recomanacions dirigides als pares.<\/p>\n","protected":false},"excerpt":{"rendered":"<p>El \u00a0Diumenge de Pentecosta ha estat el dia que 14 nous cantaires es varen incorporar a l&#8217;escolania \u00abEls Vermells de la Seu\u00bb, dirigida per Gl\u00f2ria Ber\u00f3n. El deg\u00e0 de la Seu, Mn. Teodor Suau, va donar la benvinguda als cantaires i els seus familiars que varen assistir a l&#8217;acte d&#8217;entrega del roquet als nous components. [&hellip;]<\/p>\n","protected":false},"author":2,"featured_media":11698,"comment_status":"closed","ping_status":"closed","sticky":false,"template":"","format":"standard","meta":{"_et_pb_use_builder":"","_et_pb_old_content":"","_et_gb_content_width":"","footnotes":""},"categories":[43],"tags":[],"class_list":["post-11701","post","type-post","status-publish","format-standard","has-post-thumbnail","hentry","category-noticies"],"_links":{"self":[{"href":"https:\/\/catedraldemallorca.org\/ca\/wp-json\/wp\/v2\/posts\/11701","targetHints":{"allow":["GET"]}}],"collection":[{"href":"https:\/\/catedraldemallorca.org\/ca\/wp-json\/wp\/v2\/posts"}],"about":[{"href":"https:\/\/catedraldemallorca.org\/ca\/wp-json\/wp\/v2\/types\/post"}],"author":[{"embeddable":true,"href":"https:\/\/catedraldemallorca.org\/ca\/wp-json\/wp\/v2\/users\/2"}],"replies":[{"embeddable":true,"href":"https:\/\/catedraldemallorca.org\/ca\/wp-json\/wp\/v2\/comments?post=11701"}],"version-history":[{"count":2,"href":"https:\/\/catedraldemallorca.org\/ca\/wp-json\/wp\/v2\/posts\/11701\/revisions"}],"predecessor-version":[{"id":11707,"href":"https:\/\/catedraldemallorca.org\/ca\/wp-json\/wp\/v2\/posts\/11701\/revisions\/11707"}],"wp:featuredmedia":[{"embeddable":true,"href":"https:\/\/catedraldemallorca.org\/ca\/wp-json\/wp\/v2\/media\/11698"}],"wp:attachment":[{"href":"https:\/\/catedraldemallorca.org\/ca\/wp-json\/wp\/v2\/media?parent=11701"}],"wp:term":[{"taxonomy":"category","embeddable":true,"href":"https:\/\/catedraldemallorca.org\/ca\/wp-json\/wp\/v2\/categories?post=11701"},{"taxonomy":"post_tag","embeddable":true,"href":"https:\/\/catedraldemallorca.org\/ca\/wp-json\/wp\/v2\/tags?post=11701"}],"curies":[{"name":"wp","href":"https:\/\/api.w.org\/{rel}","templated":true}]}}