{"id":11722,"date":"2023-06-07T14:24:24","date_gmt":"2023-06-07T12:24:24","guid":{"rendered":"https:\/\/catedraldemallorca.org\/noticies\/el-corpus-a-la-seu\/"},"modified":"2023-06-07T14:32:09","modified_gmt":"2023-06-07T12:32:09","slug":"el-corpus-a-la-seu","status":"publish","type":"post","link":"https:\/\/catedraldemallorca.org\/ca\/noticies\/el-corpus-a-la-seu\/","title":{"rendered":"El Corpus a la Seu"},"content":{"rendered":"<p><em>El diumenge 11 de juny la Catedral de Mallorca celebrar\u00e0 la festa del Corpus Christi, una de las m\u00e9s solemnes de l\u2019any lit\u00fargic.<\/em><\/p>\n<p>La Catedral de Mallorca acollir\u00e0, diumenge dia 11 de juny, la celebraci\u00f3 del Corpus Christi, una de les m\u00e9s sentides pels cat\u00f2lics mallorquins. Comen\u00e7ar\u00e0 a les 17.10 h, amb l\u2019Exposici\u00f3 del Sant\u00edssim. A les 17.15 h tindr\u00e0 lloc el cant de Vespres i, a les 18.00 h comen\u00e7ar\u00e0 l\u2019Eucaristia, presidida per Mons. Sebasti\u00e0 Taltavull, Bisbe de Mallorca. La celebraci\u00f3 es podr\u00e0 seguir tamb\u00e9 pel canal de Youtube de la Catedral.<\/p>\n<p>El recorregut de la process\u00f3 comen\u00e7ar\u00e0 i finalitzar\u00e0 a la Seu. Est\u00e0 previst que passi pels carrers del Mirador i del Palau, els de Sant Pere Nolasc i Morei, que continu\u00ef per la pla\u00e7a de Santa Eul\u00e0lia i Cort, pel carrer Palau Reial per acabar, novament, a la Seu.<\/p>\n<p>Un element important pels feels \u00e9s la Lled\u00e0nia, la creu processional que normalment encap\u00e7ala la process\u00f3 del Corpus i que ser\u00e0 transportada, com \u00e9s habitual, pels membres de les Confraries de Palma. La Lled\u00e0nia pesa uns 65 quilos i, tradicionalment, s\u2019adornava amb flors fresques, encara que a l\u2019actualitat apareix ornamentada amb m\u00e9s de 1.200 flors de cera.<\/p>\n<p>El sagrament portat a la Cust\u00f2dia ser\u00e0 la gran protagonista d\u2019aquest esdeveniment. Es tracta d\u2019una pe\u00e7a elaborada per l\u2019orfebre de la Seu, Josep Nicolau, el 1585 i reestructurada per Nicolau Bonn\u00edn el 1785.<\/p>\n<p>S\u00f3n tamb\u00e9 d&#8217;especial inter\u00e8s dues peces que s&#8217;utilitzen en aquesta process\u00f3 i que varen ser dissenyades per Gaud\u00ed. La primera \u00e9s el Conopeu, un element de forma c\u00f2nica, amb franges de colors groc i vermell. El Conopeu est\u00e0 subjecte per una asta de fusta que porta al capdamunt una esfera coronada per una creu. Anys enrere la cenyia una corona d&#8217;alumini que, per l&#8217;\u00fas, va acabar degradant-se fins al punt de ser irrecuperable. Per aquest motiu, des del 2004, ostenta una corona de plata.<\/p>\n<p>L&#8217;altre element propi de la process\u00f3 del Corpus \u00e9s el Tintinacle, tamb\u00e9 dissenyat per Gaud\u00ed. \u00c9s una campana de bronze que t\u00e9 forma gaireb\u00e9 cil\u00edndrica i apareix coronada per un sol que alterna puntes rectes i corbades. Aquesta est\u00e0 subjecta a un pal que permet portar-la pels carrers m\u00e9s c\u00f2modament.<\/p>\n","protected":false},"excerpt":{"rendered":"<p>El diumenge 11 de juny la Catedral de Mallorca celebrar\u00e0 la festa del Corpus Christi, una de las m\u00e9s solemnes de l\u2019any lit\u00fargic. La Catedral de Mallorca acollir\u00e0, diumenge dia 11 de juny, la celebraci\u00f3 del Corpus Christi, una de les m\u00e9s sentides pels cat\u00f2lics mallorquins. Comen\u00e7ar\u00e0 a les 17.10 h, amb l\u2019Exposici\u00f3 del Sant\u00edssim. [&hellip;]<\/p>\n","protected":false},"author":2,"featured_media":11719,"comment_status":"closed","ping_status":"closed","sticky":false,"template":"","format":"standard","meta":{"_et_pb_use_builder":"","_et_pb_old_content":"","_et_gb_content_width":"","footnotes":""},"categories":[43],"tags":[],"class_list":["post-11722","post","type-post","status-publish","format-standard","has-post-thumbnail","hentry","category-noticies"],"_links":{"self":[{"href":"https:\/\/catedraldemallorca.org\/ca\/wp-json\/wp\/v2\/posts\/11722","targetHints":{"allow":["GET"]}}],"collection":[{"href":"https:\/\/catedraldemallorca.org\/ca\/wp-json\/wp\/v2\/posts"}],"about":[{"href":"https:\/\/catedraldemallorca.org\/ca\/wp-json\/wp\/v2\/types\/post"}],"author":[{"embeddable":true,"href":"https:\/\/catedraldemallorca.org\/ca\/wp-json\/wp\/v2\/users\/2"}],"replies":[{"embeddable":true,"href":"https:\/\/catedraldemallorca.org\/ca\/wp-json\/wp\/v2\/comments?post=11722"}],"version-history":[{"count":2,"href":"https:\/\/catedraldemallorca.org\/ca\/wp-json\/wp\/v2\/posts\/11722\/revisions"}],"predecessor-version":[{"id":11724,"href":"https:\/\/catedraldemallorca.org\/ca\/wp-json\/wp\/v2\/posts\/11722\/revisions\/11724"}],"wp:featuredmedia":[{"embeddable":true,"href":"https:\/\/catedraldemallorca.org\/ca\/wp-json\/wp\/v2\/media\/11719"}],"wp:attachment":[{"href":"https:\/\/catedraldemallorca.org\/ca\/wp-json\/wp\/v2\/media?parent=11722"}],"wp:term":[{"taxonomy":"category","embeddable":true,"href":"https:\/\/catedraldemallorca.org\/ca\/wp-json\/wp\/v2\/categories?post=11722"},{"taxonomy":"post_tag","embeddable":true,"href":"https:\/\/catedraldemallorca.org\/ca\/wp-json\/wp\/v2\/tags?post=11722"}],"curies":[{"name":"wp","href":"https:\/\/api.w.org\/{rel}","templated":true}]}}