{"id":11932,"date":"2023-07-11T09:35:18","date_gmt":"2023-07-11T07:35:18","guid":{"rendered":"https:\/\/catedraldemallorca.org\/noticies\/lescolania-dels-vermells-al-santuari-de-lluc\/"},"modified":"2023-07-11T09:35:54","modified_gmt":"2023-07-11T07:35:54","slug":"lescolania-dels-vermells-al-santuari-de-lluc","status":"publish","type":"post","link":"https:\/\/catedraldemallorca.org\/ca\/noticies\/lescolania-dels-vermells-al-santuari-de-lluc\/","title":{"rendered":"L\u2019Escolania dels Vermells al Santuari de Lluc"},"content":{"rendered":"<p style=\"text-align: justify;\">Els proppassats 7, 8 i 9 de juliol, l&#8217;Escolania dels Vermells de la Seu, tingueren uns dies de conviv\u00e8ncia al Santuari de Lluc. Foren tres dies de descans i de gaudir de l&#8217;amistat que es va forjant al si de l&#8217;Escolania. El bon ambient i el bon clima propici\u00e0 aquest encontre. Jocs, m\u00fasica, i entreteniment va fer que els 20 escolans, amb els responsables de M\u00fasica de la Seu, coneguessin m\u00e9s profundament aquest sagrat rac\u00f3 de la nostra terra i preguessin a la Mare de D\u00e9u de Lluc.<\/p>\n<p style=\"text-align: justify;\">Diumenge passat participaren amb els seus cants a la missa de les 11\u202fh, i juntament amb les seves fam\u00edlies compartiren un agrad\u00f3s dinar. Tamb\u00e9 es va presentar a les fam\u00edlies el v\u00eddeo promocional pel proper curs.<\/p>\n<p style=\"text-align: justify;\">L&#8217;escolania reiniciar\u00e0 els assajos el mes de setembre. I a mitjan octubre es faran les proves per incorporar nous membres a l&#8217;Escolania dels Vermells de la Seu.<\/p>\n<p style=\"text-align: justify;\">\u00a0<\/p>\n","protected":false},"excerpt":{"rendered":"<p>Els proppassats 7, 8 i 9 de juliol, l&#8217;Escolania dels Vermells de la Seu, tingueren uns dies de conviv\u00e8ncia al Santuari de Lluc. Foren tres dies de descans i de gaudir de l&#8217;amistat que es va forjant al si de l&#8217;Escolania. El bon ambient i el bon clima propici\u00e0 aquest encontre. Jocs, m\u00fasica, i entreteniment [&hellip;]<\/p>\n","protected":false},"author":2,"featured_media":11929,"comment_status":"closed","ping_status":"closed","sticky":false,"template":"","format":"standard","meta":{"_et_pb_use_builder":"","_et_pb_old_content":"","_et_gb_content_width":"","footnotes":""},"categories":[43],"tags":[],"class_list":["post-11932","post","type-post","status-publish","format-standard","has-post-thumbnail","hentry","category-noticies"],"_links":{"self":[{"href":"https:\/\/catedraldemallorca.org\/ca\/wp-json\/wp\/v2\/posts\/11932","targetHints":{"allow":["GET"]}}],"collection":[{"href":"https:\/\/catedraldemallorca.org\/ca\/wp-json\/wp\/v2\/posts"}],"about":[{"href":"https:\/\/catedraldemallorca.org\/ca\/wp-json\/wp\/v2\/types\/post"}],"author":[{"embeddable":true,"href":"https:\/\/catedraldemallorca.org\/ca\/wp-json\/wp\/v2\/users\/2"}],"replies":[{"embeddable":true,"href":"https:\/\/catedraldemallorca.org\/ca\/wp-json\/wp\/v2\/comments?post=11932"}],"version-history":[{"count":1,"href":"https:\/\/catedraldemallorca.org\/ca\/wp-json\/wp\/v2\/posts\/11932\/revisions"}],"predecessor-version":[{"id":11933,"href":"https:\/\/catedraldemallorca.org\/ca\/wp-json\/wp\/v2\/posts\/11932\/revisions\/11933"}],"wp:featuredmedia":[{"embeddable":true,"href":"https:\/\/catedraldemallorca.org\/ca\/wp-json\/wp\/v2\/media\/11929"}],"wp:attachment":[{"href":"https:\/\/catedraldemallorca.org\/ca\/wp-json\/wp\/v2\/media?parent=11932"}],"wp:term":[{"taxonomy":"category","embeddable":true,"href":"https:\/\/catedraldemallorca.org\/ca\/wp-json\/wp\/v2\/categories?post=11932"},{"taxonomy":"post_tag","embeddable":true,"href":"https:\/\/catedraldemallorca.org\/ca\/wp-json\/wp\/v2\/tags?post=11932"}],"curies":[{"name":"wp","href":"https:\/\/api.w.org\/{rel}","templated":true}]}}