{"id":11963,"date":"2023-08-09T09:00:10","date_gmt":"2023-08-09T07:00:10","guid":{"rendered":"https:\/\/catedraldemallorca.org\/?p=11963"},"modified":"2023-08-09T10:37:12","modified_gmt":"2023-08-09T08:37:12","slug":"celebracio-de-lassumpcio-de-la-mare-de-deu","status":"publish","type":"post","link":"https:\/\/catedraldemallorca.org\/ca\/noticies\/celebracio-de-lassumpcio-de-la-mare-de-deu\/","title":{"rendered":"Celebraci\u00f3 de l\u2019Assumpci\u00f3 de la Mare de D\u00e9u"},"content":{"rendered":"<p style=\"text-align: justify;\"><em>Aquesta \u00e9s una de les celebracions marianes m\u00e9s importants de l\u2019any lit\u00fargic. L\u2019Assumpci\u00f3 de Maria representa, per a la societat mallorquina, una de les festes religioses de la Mare de D\u00e9u m\u00e9s transcendents. El dia 14 d\u2019agost, la Catedral iniciar\u00e0 els tradicionals actes en honor a la Mare de D\u00e9u d\u2019agost, festa titular del temple, dedicat a la Verge Maria.<\/em><\/p>\n<p style=\"text-align: justify;\"><u>Dia 14 d\u2019agost <\/u><\/p>\n<p style=\"text-align: justify;\">Enguany es recuperar\u00e0 el trasllat de la Mare de D\u00e9u Morta des de l\u2019altar fins el seu Llit davant el Portal Major, com es feia antigament. A les 20.00 h hi haur\u00e0 cant de vespres amb la participaci\u00f3 del clero, poble i Capella de la Seu sota la direcci\u00f3 del mestre Joan Company. L\u2019acompanyar\u00e0, a l\u2019orgue, Bartomeu Mut. A continuaci\u00f3 tindr\u00e0 lloc el trasllat de la Mare de D\u00e9u Morta, que finalitzar\u00e0 amb un recull de peces Marianes.<\/p>\n<p style=\"text-align: justify;\"><u>Dia 15 d\u2019agost <\/u><\/p>\n<p style=\"text-align: justify;\">Cada 15 d\u2019agost l\u2019esgl\u00e9sia solemnitza la mort i Assumpci\u00f3 al cel de la Mare de D\u00e9u, una celebraci\u00f3 nodrida d\u2019iconografia mariana. S\u2019hi representa la Mare de D\u00e9u morta en el seu Llit, custodiada pels \u00e0ngels i els ap\u00f2stols, just abans d\u2019ascendir en el cel en cos i \u00e0nima. Com \u00e9s habitual, la Seu exposar\u00e0 el Llit durant les darreres setmanes d\u2019agost per a la seva veneraci\u00f3. Els horaris per visitar-lo a partir del 14 \u00a0fins dia 22 d\u2019agost s\u00f3n:<\/p>\n<ul>\n<li>De dilluns a divendres: 10.00 a 17.00 h.<\/li>\n<li>Dissabtes: 10.00 a 13.30 i de 18.30 a 20.00 h.<\/li>\n<li>Diumenges: 9.30 a 13.00 h i de 18.30 a 20.00 h .<\/li>\n<\/ul>\n<p style=\"text-align: justify;\">Durant les celebracions no es podr\u00e0 visitar el Llit de la Mare de Deu.<\/p>\n<p style=\"text-align: justify;\">Seguint la tradici\u00f3 del culte mari\u00e0, dia 15 d\u2019agost a les 10.30 h, se celebrar\u00e0 a la Seu una eucaristia solemne presidida per Mn. Teodor Suau, Deg\u00e0-president del Cap\u00edtol de la Catedral, per commemorar l\u2019Assumpci\u00f3 de la Benaurada Verge Maria.<\/p>\n","protected":false},"excerpt":{"rendered":"<p>Aquesta \u00e9s una de les celebracions marianes m\u00e9s importants de l\u2019any lit\u00fargic. L\u2019Assumpci\u00f3 de Maria representa, per a la societat mallorquina, una de les festes religioses de la Mare de D\u00e9u m\u00e9s transcendents. El dia 14 d\u2019agost, la Catedral iniciar\u00e0 els tradicionals actes en honor a la Mare de D\u00e9u d\u2019agost, festa titular del temple, [&hellip;]<\/p>\n","protected":false},"author":2,"featured_media":11964,"comment_status":"closed","ping_status":"closed","sticky":false,"template":"","format":"standard","meta":{"_et_pb_use_builder":"","_et_pb_old_content":"","_et_gb_content_width":"","footnotes":""},"categories":[43],"tags":[],"class_list":["post-11963","post","type-post","status-publish","format-standard","has-post-thumbnail","hentry","category-noticies"],"_links":{"self":[{"href":"https:\/\/catedraldemallorca.org\/ca\/wp-json\/wp\/v2\/posts\/11963","targetHints":{"allow":["GET"]}}],"collection":[{"href":"https:\/\/catedraldemallorca.org\/ca\/wp-json\/wp\/v2\/posts"}],"about":[{"href":"https:\/\/catedraldemallorca.org\/ca\/wp-json\/wp\/v2\/types\/post"}],"author":[{"embeddable":true,"href":"https:\/\/catedraldemallorca.org\/ca\/wp-json\/wp\/v2\/users\/2"}],"replies":[{"embeddable":true,"href":"https:\/\/catedraldemallorca.org\/ca\/wp-json\/wp\/v2\/comments?post=11963"}],"version-history":[{"count":3,"href":"https:\/\/catedraldemallorca.org\/ca\/wp-json\/wp\/v2\/posts\/11963\/revisions"}],"predecessor-version":[{"id":12035,"href":"https:\/\/catedraldemallorca.org\/ca\/wp-json\/wp\/v2\/posts\/11963\/revisions\/12035"}],"wp:featuredmedia":[{"embeddable":true,"href":"https:\/\/catedraldemallorca.org\/ca\/wp-json\/wp\/v2\/media\/11964"}],"wp:attachment":[{"href":"https:\/\/catedraldemallorca.org\/ca\/wp-json\/wp\/v2\/media?parent=11963"}],"wp:term":[{"taxonomy":"category","embeddable":true,"href":"https:\/\/catedraldemallorca.org\/ca\/wp-json\/wp\/v2\/categories?post=11963"},{"taxonomy":"post_tag","embeddable":true,"href":"https:\/\/catedraldemallorca.org\/ca\/wp-json\/wp\/v2\/tags?post=11963"}],"curies":[{"name":"wp","href":"https:\/\/api.w.org\/{rel}","templated":true}]}}