{"id":12007,"date":"2023-08-28T08:00:07","date_gmt":"2023-08-28T06:00:07","guid":{"rendered":"https:\/\/catedraldemallorca.org\/?p=12007"},"modified":"2024-08-28T12:27:20","modified_gmt":"2024-08-28T10:27:20","slug":"obert-el-termini-dinscripcions-a-lescolania-dels-vermells","status":"publish","type":"post","link":"https:\/\/catedraldemallorca.org\/ca\/noticies\/obert-el-termini-dinscripcions-a-lescolania-dels-vermells\/","title":{"rendered":"Obert el termini d\u2019inscripcions a l\u2019Escolania dels Vermells"},"content":{"rendered":"<p style=\"text-align: justify;\"><em>L\u2019Escolania dels Vermells obre el termini d\u2019inscripcions per als nins de 7 a 14 anys que desitgin realitzar les proves d\u2019acc\u00e9s. Aquestes consistiran en un examen vocal i auditiu que determinar\u00e0 qui formar\u00e0 part d\u2019aquest grup d\u2019infants, que compta amb m\u00e9s de 50.<\/em><\/p>\n<p style=\"text-align: justify;\">Lluny de ser nom\u00e9s una escola de cant, l\u2019Escolania dels Vermells representa una educaci\u00f3 en valors, dedicaci\u00f3, tradici\u00f3 i cohesi\u00f3. \u00c9s un aprenentatge i una\u00a0 oportunitat de viure una experi\u00e8ncia \u00fanica, creant vincles entre els estudiants que comparteixen les mateixes passions. Sensibilitzar-los per la m\u00fasica si no tamb\u00e9 en les necessitats del m\u00e9s necessitats.<\/p>\n<p style=\"text-align: justify;\">La formaci\u00f3 i els estudis musicals que s\u2019ofereixen des de la Seu s\u00f3n gratu\u00efts i no importa el nivell dels aspirants, ja que l\u2019Escolania ofereix tota la formaci\u00f3 necess\u00e0ria sobre aquest tema. Per a inscriure\u2019s a les proves, s\u2019ha d\u2019enviar un correu electr\u00f2nic a <a href=\"mailto:escolania@catedraldemallorca.org\">escolania@catedraldemallorca.org<\/a> o telefonar al 971713133.<\/p>\n<p style=\"text-align: justify;\">Tots els que optin al curs de cant coral al conservatori en grau elemental tindr\u00e0 convalidada l\u2019assignatura.<\/p>\n<p style=\"text-align: justify;\">Aquest curs, com l\u2019anterior, els alumnes seran dirigits per la Sra. Gl\u00f2ria Ber\u00f3n, i cada mes participaran a l\u2019Eucaristia dominical, el segon diumenge a les 10\u201930 i el quart diumenge a les 12\u201900 h. Tamb\u00e9 participaran en les grans solemnitats de la Catedral.<\/p>\n<p><iframe title=\"YouTube video player\" src=\"https:\/\/www.youtube.com\/embed\/g6AZI1mlBD0\" width=\"560\" height=\"315\" frameborder=\"0\" allowfullscreen=\"allowfullscreen\"><\/iframe><\/p>\n","protected":false},"excerpt":{"rendered":"<p>L\u2019Escolania dels Vermells obre el termini d\u2019inscripcions per als nins de 7 a 14 anys que desitgin realitzar les proves d\u2019acc\u00e9s. Aquestes consistiran en un examen vocal i auditiu que determinar\u00e0 qui formar\u00e0 part d\u2019aquest grup d\u2019infants, que compta amb m\u00e9s de 50. Lluny de ser nom\u00e9s una escola de cant, l\u2019Escolania dels Vermells representa [&hellip;]<\/p>\n","protected":false},"author":2,"featured_media":12005,"comment_status":"closed","ping_status":"closed","sticky":false,"template":"","format":"standard","meta":{"_et_pb_use_builder":"","_et_pb_old_content":"","_et_gb_content_width":"","footnotes":""},"categories":[43],"tags":[],"class_list":["post-12007","post","type-post","status-publish","format-standard","has-post-thumbnail","hentry","category-noticies"],"_links":{"self":[{"href":"https:\/\/catedraldemallorca.org\/ca\/wp-json\/wp\/v2\/posts\/12007","targetHints":{"allow":["GET"]}}],"collection":[{"href":"https:\/\/catedraldemallorca.org\/ca\/wp-json\/wp\/v2\/posts"}],"about":[{"href":"https:\/\/catedraldemallorca.org\/ca\/wp-json\/wp\/v2\/types\/post"}],"author":[{"embeddable":true,"href":"https:\/\/catedraldemallorca.org\/ca\/wp-json\/wp\/v2\/users\/2"}],"replies":[{"embeddable":true,"href":"https:\/\/catedraldemallorca.org\/ca\/wp-json\/wp\/v2\/comments?post=12007"}],"version-history":[{"count":2,"href":"https:\/\/catedraldemallorca.org\/ca\/wp-json\/wp\/v2\/posts\/12007\/revisions"}],"predecessor-version":[{"id":12437,"href":"https:\/\/catedraldemallorca.org\/ca\/wp-json\/wp\/v2\/posts\/12007\/revisions\/12437"}],"wp:featuredmedia":[{"embeddable":true,"href":"https:\/\/catedraldemallorca.org\/ca\/wp-json\/wp\/v2\/media\/12005"}],"wp:attachment":[{"href":"https:\/\/catedraldemallorca.org\/ca\/wp-json\/wp\/v2\/media?parent=12007"}],"wp:term":[{"taxonomy":"category","embeddable":true,"href":"https:\/\/catedraldemallorca.org\/ca\/wp-json\/wp\/v2\/categories?post=12007"},{"taxonomy":"post_tag","embeddable":true,"href":"https:\/\/catedraldemallorca.org\/ca\/wp-json\/wp\/v2\/tags?post=12007"}],"curies":[{"name":"wp","href":"https:\/\/api.w.org\/{rel}","templated":true}]}}