{"id":12025,"date":"2023-09-04T09:00:15","date_gmt":"2023-09-04T07:00:15","guid":{"rendered":"https:\/\/catedraldemallorca.org\/noticies\/programa-de-visitas-escolares-en-la-catedral-2023-24\/"},"modified":"2023-09-06T08:47:49","modified_gmt":"2023-09-06T06:47:49","slug":"programa-de-visitas-escolares-en-la-catedral-2023-24","status":"publish","type":"post","link":"https:\/\/catedraldemallorca.org\/ca\/noticies\/programa-de-visitas-escolares-en-la-catedral-2023-24\/","title":{"rendered":"Programa de visites escolars a la Catedral 2023-24"},"content":{"rendered":"<p style=\"text-align: justify;\" data-mce-style=\"text-align: justify;\">El Cap\u00edtol de la Catedral de Mallorca presenta, un any m\u00e9s, el programa educatiu per al curs que s\u2019inicia aquest mes de setembre. El programa 2023-24 est\u00e0 compost per una s\u00e8rie de visites dinamitzades a la Seu i al Museu d\u2019Art Sacre de Mallorca (MASM). Com cada any, aquestes activitats estan dirigides a alumnes de tots els nivells educatius, des d\u2019Educaci\u00f3 Infantil i Prim\u00e0ria, passant per Secund\u00e0ria, Batxillerat, Formaci\u00f3 Professional i Educaci\u00f3 per adults.<\/p>\n<p>Es disposen de diferents recorreguts, segons la tem\u00e0tica a la qual es centra la visita, i tots ells estan adaptats a cada etapa educativa. Aix\u00ed, l\u2019alumnat podr\u00e0 con\u00e8ixer l\u2019origen de la Catedral, les seves caracter\u00edstiques i parts m\u00e9s destacades, per\u00f2 tamb\u00e9 descobrir\u00e0 les hist\u00f2ries b\u00edbliques, les principals sepultures del temple, els tresors que amaga el MASM o algunes llegendes populars vinculades a la nostra cultura i tradici\u00f3. L\u2019objectiu d\u2019aquestes activitats \u00e9s que les noves generacions coneguin la hist\u00f2ria, la cultura, l\u2019art i l\u2019espiritualitat de la Seu de Mallorca, a m\u00e9s de fomentar valors com l\u2019estimaci\u00f3 i la cura del nostre patrimoni religi\u00f3s. Totes les visites guiades tenen una durada aproximada d\u20191 hora, tret que es complementi amb un taller, que s\u2019allargaria 30 minuts m\u00e9s. L\u2019horari de visites \u00e9s de dilluns a divendres, de 10:00 h a 13:00h, i tenen un cost de 2\u20ac per alumne (els professors tenen entrada gratu\u00efta). Totes les visites guiades s\u2019han de reservar amb antelaci\u00f3 a trav\u00e9s del correu electr\u00f2nic <a href=\"mailto:projecteseducatius@catedraldemallorca.org\" data-mce-href=\"mailto:projecteseducatius@catedraldemallorca.org\">projecteseducatius@catedraldemallorca.org<\/a> o per via telef\u00f2nica al 971 713 133 Extensi\u00f3 423.<\/p>\n","protected":false},"excerpt":{"rendered":"<p>El Cap\u00edtol de la Catedral de Mallorca presenta, un any m\u00e9s, el programa educatiu per al curs que s\u2019inicia aquest mes de setembre. El programa 2023-24 est\u00e0 compost per una s\u00e8rie de visites dinamitzades a la Seu i al Museu d\u2019Art Sacre de Mallorca (MASM). Com cada any, aquestes activitats estan dirigides a alumnes de [&hellip;]<\/p>\n","protected":false},"author":2,"featured_media":12023,"comment_status":"closed","ping_status":"closed","sticky":false,"template":"","format":"standard","meta":{"_et_pb_use_builder":"","_et_pb_old_content":"","_et_gb_content_width":"","footnotes":""},"categories":[43],"tags":[],"class_list":["post-12025","post","type-post","status-publish","format-standard","has-post-thumbnail","hentry","category-noticies"],"_links":{"self":[{"href":"https:\/\/catedraldemallorca.org\/ca\/wp-json\/wp\/v2\/posts\/12025","targetHints":{"allow":["GET"]}}],"collection":[{"href":"https:\/\/catedraldemallorca.org\/ca\/wp-json\/wp\/v2\/posts"}],"about":[{"href":"https:\/\/catedraldemallorca.org\/ca\/wp-json\/wp\/v2\/types\/post"}],"author":[{"embeddable":true,"href":"https:\/\/catedraldemallorca.org\/ca\/wp-json\/wp\/v2\/users\/2"}],"replies":[{"embeddable":true,"href":"https:\/\/catedraldemallorca.org\/ca\/wp-json\/wp\/v2\/comments?post=12025"}],"version-history":[{"count":5,"href":"https:\/\/catedraldemallorca.org\/ca\/wp-json\/wp\/v2\/posts\/12025\/revisions"}],"predecessor-version":[{"id":12134,"href":"https:\/\/catedraldemallorca.org\/ca\/wp-json\/wp\/v2\/posts\/12025\/revisions\/12134"}],"wp:featuredmedia":[{"embeddable":true,"href":"https:\/\/catedraldemallorca.org\/ca\/wp-json\/wp\/v2\/media\/12023"}],"wp:attachment":[{"href":"https:\/\/catedraldemallorca.org\/ca\/wp-json\/wp\/v2\/media?parent=12025"}],"wp:term":[{"taxonomy":"category","embeddable":true,"href":"https:\/\/catedraldemallorca.org\/ca\/wp-json\/wp\/v2\/categories?post=12025"},{"taxonomy":"post_tag","embeddable":true,"href":"https:\/\/catedraldemallorca.org\/ca\/wp-json\/wp\/v2\/tags?post=12025"}],"curies":[{"name":"wp","href":"https:\/\/api.w.org\/{rel}","templated":true}]}}