{"id":12241,"date":"2023-09-19T08:00:07","date_gmt":"2023-09-19T06:00:07","guid":{"rendered":"https:\/\/catedraldemallorca.org\/noticies\/comencen-els-cursets-prematrimonials-a-la-seu-de-mallorca\/"},"modified":"2023-09-19T08:00:07","modified_gmt":"2023-09-19T06:00:07","slug":"comencen-els-cursets-prematrimonials-a-la-seu-de-mallorca","status":"publish","type":"post","link":"https:\/\/catedraldemallorca.org\/ca\/noticies\/comencen-els-cursets-prematrimonials-a-la-seu-de-mallorca\/","title":{"rendered":"Comencen els cursets prematrimonials a la Seu de Mallorca"},"content":{"rendered":"<p style=\"text-align: justify;\"><em>La Catedral de Mallorca inicia un nou cicle de cursets prematrimonials per a les parelles que tinguin previst casar-se l\u2019any que ve. La formaci\u00f3 es dur\u00e0 a terme durant dos mesos i els interessats ja poden reservar la seva pla\u00e7a descarregant el formulari des de la web de la Seu.<\/em><\/p>\n<p style=\"text-align: justify;\">Des de dia 1r d\u2019octubre les persones que tinguin previst casar-se podran inscriure\u2019s als cursets que marquen l\u2019itinerari per a la preparaci\u00f3 del sagrament del matrimoni. La inscripci\u00f3 es pot fer online, descarregant el formulari que la Catedral de Mallorca posa a l\u2019abast dels interessats a la seva web.<\/p>\n<p style=\"text-align: justify;\">Els cursets es duran a terme al llarg de dos mesos, des de dia 8 d\u2019octubre fins a dia 10 de desembre, alternant un diumenge s\u00ed i un altre no, a les 20:00 hores.<\/p>\n<p style=\"text-align: justify;\">La preparaci\u00f3 al matrimoni consta d\u2019una s\u00e8rie de sessions que s\u2019imparteixen abans de la cerim\u00f2nia religiosa cat\u00f2lica. En aquestes trobades, en les quals es coincideix amb altres parelles en la mateixa situaci\u00f3, s\u2019analitzen temes importants per a la conviv\u00e8ncia, com la comunicaci\u00f3 al matrimoni, la paternitat responsable, el significat del sagrament, entre d\u2019altres.<\/p>\n<p style=\"text-align: justify;\">Una vegada finalitzades les sessions, els participants reben un certificat de formaci\u00f3 que s\u2019adjunta a l\u2019expedient matrimonial.<\/p>\n<p style=\"text-align: justify;\">A continuaci\u00f3 donam l\u2019enlla\u00e7 per poder descarregar el formulari per a fer efectiva la inscripci\u00f3.<\/p>\n<p style=\"text-align: justify;\"><a href=\"https:\/\/catedraldemallorca.org\/wp-content\/uploads\/2023\/07\/CABILDO-Curs-Matrimoni-v3.pdf\">Descarrega la inscripci\u00f3 al curset.<\/a><\/p>\n","protected":false},"excerpt":{"rendered":"<p>La Catedral de Mallorca inicia un nou cicle de cursets prematrimonials per a les parelles que tinguin previst casar-se l\u2019any que ve. La formaci\u00f3 es dur\u00e0 a terme durant dos mesos i els interessats ja poden reservar la seva pla\u00e7a descarregant el formulari des de la web de la Seu. Des de dia 1r d\u2019octubre [&hellip;]<\/p>\n","protected":false},"author":2,"featured_media":12238,"comment_status":"closed","ping_status":"closed","sticky":false,"template":"","format":"standard","meta":{"_et_pb_use_builder":"","_et_pb_old_content":"","_et_gb_content_width":"","footnotes":""},"categories":[43],"tags":[],"class_list":["post-12241","post","type-post","status-publish","format-standard","has-post-thumbnail","hentry","category-noticies"],"_links":{"self":[{"href":"https:\/\/catedraldemallorca.org\/ca\/wp-json\/wp\/v2\/posts\/12241","targetHints":{"allow":["GET"]}}],"collection":[{"href":"https:\/\/catedraldemallorca.org\/ca\/wp-json\/wp\/v2\/posts"}],"about":[{"href":"https:\/\/catedraldemallorca.org\/ca\/wp-json\/wp\/v2\/types\/post"}],"author":[{"embeddable":true,"href":"https:\/\/catedraldemallorca.org\/ca\/wp-json\/wp\/v2\/users\/2"}],"replies":[{"embeddable":true,"href":"https:\/\/catedraldemallorca.org\/ca\/wp-json\/wp\/v2\/comments?post=12241"}],"version-history":[{"count":0,"href":"https:\/\/catedraldemallorca.org\/ca\/wp-json\/wp\/v2\/posts\/12241\/revisions"}],"wp:featuredmedia":[{"embeddable":true,"href":"https:\/\/catedraldemallorca.org\/ca\/wp-json\/wp\/v2\/media\/12238"}],"wp:attachment":[{"href":"https:\/\/catedraldemallorca.org\/ca\/wp-json\/wp\/v2\/media?parent=12241"}],"wp:term":[{"taxonomy":"category","embeddable":true,"href":"https:\/\/catedraldemallorca.org\/ca\/wp-json\/wp\/v2\/categories?post=12241"},{"taxonomy":"post_tag","embeddable":true,"href":"https:\/\/catedraldemallorca.org\/ca\/wp-json\/wp\/v2\/tags?post=12241"}],"curies":[{"name":"wp","href":"https:\/\/api.w.org\/{rel}","templated":true}]}}