{"id":12305,"date":"2023-09-26T10:24:18","date_gmt":"2023-09-26T08:24:18","guid":{"rendered":"https:\/\/catedraldemallorca.org\/noticies\/la-catedral-inicia-un-estudi-sobre-els-personatges-illustres-enterrats-al-temple\/"},"modified":"2023-09-26T10:24:18","modified_gmt":"2023-09-26T08:24:18","slug":"la-catedral-inicia-un-estudi-sobre-els-personatges-illustres-enterrats-al-temple","status":"publish","type":"post","link":"https:\/\/catedraldemallorca.org\/ca\/noticies\/la-catedral-inicia-un-estudi-sobre-els-personatges-illustres-enterrats-al-temple\/","title":{"rendered":"La Catedral inicia un estudi sobre els personatges il\u00b7lustres enterrats al temple"},"content":{"rendered":"<p style=\"text-align: justify;\">El punt de partida de l\u2019estudi \u00e9s a la figura de Fra Juli\u00e0 Font i Roig (1545-1613), fill il\u00b7lustre de Palma i conegut com \u201cel pare dels pobres\u201d. Inicialment va ser enterrat al convent de Sant Domingo, per\u00f2 durant el proc\u00e9s de desamortitzaci\u00f3, es va sol\u00b7licitar el trasllat de les seves despulles a la Catedral. L\u2019any 1690, en obrir-se el sepulcre, es va comprovar la incorruptibilitat del cos. El proc\u00e9s de canonitzaci\u00f3 del frare s\u2019havia detingut, no obstant aix\u00f2, va ser nomenat Venerable.<br \/>Actualment el Departament de Patrimoni i l\u2019Arxiu Capitular de la Catedral de Mallorca estan investigant aquest personatge. La intenci\u00f3 d\u2019aquest estudi \u00e9s, entre d\u2019altres aspectes, con\u00e8ixer els detalls del seu trasllat p\u00f2stum a la Seu, analitzar la tradici\u00f3 d\u2019enterraments de personatges il\u00b7lustres a la Catedral i identificar els que hi ha soterrats al temple.<br \/>Un altre dels objectes d\u2019estudi ser\u00e0 el sepulcre neog\u00f2tic de la capella del Davallament, on actualment descansa el frare. Es tracta d\u2019una pe\u00e7a projectada pel pintor Faust Morell i Bellet, i executada per Marc Llin\u00e0s, en pedra de Santany\u00ed.<br \/>Quan el convent de Sant Domingo enderrocat, els descendents de Fra Juli\u00e0 Font i Roig varen sol\u00b7licitar el trasllat de les seves restes a la Catedral. En un primer moment varen ser depositades a la capelleta de Santa Eulalieta, dins la capella Reial. A petici\u00f3 de la fam\u00edlia, les restes es varen voler traslladar a la capella de Nostra Senyora de la Corona, per\u00f2 durant la construcci\u00f3 del sepulcre, es va descobrir un portal arquitect\u00f2nic rellevant i digne de ser conservat, de tal manera que, finalment, el Venerable fou traslladat a la capella del Davallament.<br \/>Despr\u00e9s d\u2019una visita de m\u00e9s de 80 persones del poble de Maria de la Salut per con\u00e8ixer el lloc d\u2019enterraments del venerable Font i Roig, el Cap\u00edtol de la Seu vol donar a con\u00e8ixer aquest il\u00b7lustre personatge. D\u2019aqu\u00ed l\u2019inter\u00e8s de la Catedral per recaptar tota la informaci\u00f3 possible sobre aquest i altres personatges il\u00b7lustres enterrats al temple.<br \/>La recerca culminar\u00e0 el mes de setembre, el dia 28 a les 18:30 h, amb una taula rodona que versar\u00e0 sobre Fra Juli\u00e0 Font i Roig. Hi intervindran:<\/p>\n<ul>\n<li style=\"text-align: justify;\">Rafel Morro, responsable de l\u2019Arxiu Capitular i Sebasti\u00e1n Escalas, documentalista de l\u2019\u00c0rea de Patrimoni, que parlaran sobre la hist\u00f2ria dels trasllats de les restes i el sepulcre neog\u00f2tic de la capella del Davallament.<\/li>\n<li style=\"text-align: justify;\">Alfredo \u00c1lvarez, conservador-restaurador de l\u2019\u00c0rea de Patrimoni, qui analitzar\u00e0 l\u2019estat de conservaci\u00f3 del sepulcre.<\/li>\n<li style=\"text-align: justify;\">Cristina Ortiz Moreno, responsable de l\u2019\u00c0rea de Gesti\u00f3 Cultural, tractar\u00e0 sobre el m\u00f3n funerari de la Catedral de Mallorca.<\/li>\n<\/ul>\n","protected":false},"excerpt":{"rendered":"<p>El punt de partida de l\u2019estudi \u00e9s a la figura de Fra Juli\u00e0 Font i Roig (1545-1613), fill il\u00b7lustre de Palma i conegut com \u201cel pare dels pobres\u201d. Inicialment va ser enterrat al convent de Sant Domingo, per\u00f2 durant el proc\u00e9s de desamortitzaci\u00f3, es va sol\u00b7licitar el trasllat de les seves despulles a la Catedral. [&hellip;]<\/p>\n","protected":false},"author":2,"featured_media":12302,"comment_status":"closed","ping_status":"closed","sticky":false,"template":"","format":"standard","meta":{"_et_pb_use_builder":"","_et_pb_old_content":"","_et_gb_content_width":"","footnotes":""},"categories":[43],"tags":[],"class_list":["post-12305","post","type-post","status-publish","format-standard","has-post-thumbnail","hentry","category-noticies"],"_links":{"self":[{"href":"https:\/\/catedraldemallorca.org\/ca\/wp-json\/wp\/v2\/posts\/12305","targetHints":{"allow":["GET"]}}],"collection":[{"href":"https:\/\/catedraldemallorca.org\/ca\/wp-json\/wp\/v2\/posts"}],"about":[{"href":"https:\/\/catedraldemallorca.org\/ca\/wp-json\/wp\/v2\/types\/post"}],"author":[{"embeddable":true,"href":"https:\/\/catedraldemallorca.org\/ca\/wp-json\/wp\/v2\/users\/2"}],"replies":[{"embeddable":true,"href":"https:\/\/catedraldemallorca.org\/ca\/wp-json\/wp\/v2\/comments?post=12305"}],"version-history":[{"count":0,"href":"https:\/\/catedraldemallorca.org\/ca\/wp-json\/wp\/v2\/posts\/12305\/revisions"}],"wp:featuredmedia":[{"embeddable":true,"href":"https:\/\/catedraldemallorca.org\/ca\/wp-json\/wp\/v2\/media\/12302"}],"wp:attachment":[{"href":"https:\/\/catedraldemallorca.org\/ca\/wp-json\/wp\/v2\/media?parent=12305"}],"wp:term":[{"taxonomy":"category","embeddable":true,"href":"https:\/\/catedraldemallorca.org\/ca\/wp-json\/wp\/v2\/categories?post=12305"},{"taxonomy":"post_tag","embeddable":true,"href":"https:\/\/catedraldemallorca.org\/ca\/wp-json\/wp\/v2\/tags?post=12305"}],"curies":[{"name":"wp","href":"https:\/\/api.w.org\/{rel}","templated":true}]}}