{"id":12314,"date":"2023-09-28T15:15:13","date_gmt":"2023-09-28T13:15:13","guid":{"rendered":"https:\/\/catedraldemallorca.org\/noticies\/la-catedral-presenta-el-llibre-gramatica-de-la-seu-de-mallorca-de-mn-teodor-suau-i-puig\/"},"modified":"2023-09-29T10:34:23","modified_gmt":"2023-09-29T08:34:23","slug":"la-catedral-presenta-el-llibre-gramatica-de-la-seu-de-mallorca-de-mn-teodor-suau-i-puig","status":"publish","type":"post","link":"https:\/\/catedraldemallorca.org\/ca\/noticies\/la-catedral-presenta-el-llibre-gramatica-de-la-seu-de-mallorca-de-mn-teodor-suau-i-puig\/","title":{"rendered":"La Catedral presenta el llibre Gram\u00e0tica de la Seu de Mallorca, de Mn. Teodor Suau i Puig"},"content":{"rendered":"<p style=\"text-align: justify;\">Gram\u00e0tica de la Seu de Mallorca<em>, de Mn. Teodor Suau i Puig, es presentar\u00e0 el dia 5 d\u2019octubre a la capella Reial de la Catedral, a les 19:00 hores. Es tracta d\u2019una profunda lectura de la Seu de Mallorca des del punt de vista cristi\u00e0 i cat\u00f2lic des dels seus mateixos or\u00edgens, \u00e9s a dir, com a lloc de celebraci\u00f3 de la fe.<\/em><\/p>\n<p style=\"text-align: justify;\">Avui en dia es repeteix la tend\u00e8ncia de secularitzar la bellesa de la Seu i convertir-la pr\u00e0cticament en objecte de museu. Al llibre <em>Gram\u00e0tica de la Seu de Mallorca<\/em>, Mn. Teodor Suau i Puig, actual deg\u00e0-president del cap\u00edtol de la Catedral, ha volgut tornar a la mirada original de l\u2019edifici: un temple cristi\u00e0 cat\u00f2lic pensat i constru\u00eft per a celebrar-hi\u00a0 la fe.<\/p>\n<p style=\"text-align: justify;\">\u00c9s la intenci\u00f3 de llegir la Catedral des de la seva natura pr\u00f2pia i definir-la, amb tota ra\u00f3, com a \u201cporta del misteri de D\u00e9u\u201d. Segons Mn. Teodor Suau i Puig, tot en la Seu \u00e9s una oportunitat per arribar a l\u2019experi\u00e8ncia de D\u00e9u i per aquest motiu s\u2019ha de propiciar el salt de la bellesa al misteri, i del misteri, a la comuni\u00f3 agra\u00efda de D\u00e9u-Amor.<\/p>\n<p style=\"text-align: justify;\">L\u2019acte de presentaci\u00f3 del llibre est\u00e0 previst per al dia 5 d\u2019octubre a les 19:00 hores a la capella Reial, un acte que, a m\u00e9s, s\u2019emetr\u00e0 per <em>streaming<\/em>.<\/p>\n<p style=\"text-align: justify;\">La trobada, a m\u00e9s, comptar\u00e0 amb la participaci\u00f3 de:<em>\u00a0<\/em><\/p>\n<ul style=\"text-align: justify;\">\n<li>Dra. Merc\u00e8 Gamb\u00fas, Investigadora. Universitat de les Illes Balears.<\/li>\n<li>Sr. Guillem Rossell\u00f3, editor del llibre.<\/li>\n<li>Mn. Teodor Suau, deg\u00e0-president del cap\u00edtol de la Catedral i autor del llibre.<\/li>\n<\/ul>\n<p style=\"text-align: justify;\">Per donar a l\u2019ocasi\u00f3 la import\u00e0ncia que es mereix, es realitzaran unes interpretacions musicals a c\u00e0rrec de la Capella de la Seu, dirigit pel mestre Joan Company.<\/p>\n<p style=\"text-align: justify;\">\u00a0<\/p>\n","protected":false},"excerpt":{"rendered":"<p>Gram\u00e0tica de la Seu de Mallorca, de Mn. Teodor Suau i Puig, es presentar\u00e0 el dia 5 d\u2019octubre a la capella Reial de la Catedral, a les 19:00 hores. Es tracta d\u2019una profunda lectura de la Seu de Mallorca des del punt de vista cristi\u00e0 i cat\u00f2lic des dels seus mateixos or\u00edgens, \u00e9s a dir, [&hellip;]<\/p>\n","protected":false},"author":2,"featured_media":12310,"comment_status":"closed","ping_status":"closed","sticky":false,"template":"","format":"standard","meta":{"_et_pb_use_builder":"","_et_pb_old_content":"","_et_gb_content_width":"","footnotes":""},"categories":[43],"tags":[],"class_list":["post-12314","post","type-post","status-publish","format-standard","has-post-thumbnail","hentry","category-noticies"],"_links":{"self":[{"href":"https:\/\/catedraldemallorca.org\/ca\/wp-json\/wp\/v2\/posts\/12314","targetHints":{"allow":["GET"]}}],"collection":[{"href":"https:\/\/catedraldemallorca.org\/ca\/wp-json\/wp\/v2\/posts"}],"about":[{"href":"https:\/\/catedraldemallorca.org\/ca\/wp-json\/wp\/v2\/types\/post"}],"author":[{"embeddable":true,"href":"https:\/\/catedraldemallorca.org\/ca\/wp-json\/wp\/v2\/users\/2"}],"replies":[{"embeddable":true,"href":"https:\/\/catedraldemallorca.org\/ca\/wp-json\/wp\/v2\/comments?post=12314"}],"version-history":[{"count":2,"href":"https:\/\/catedraldemallorca.org\/ca\/wp-json\/wp\/v2\/posts\/12314\/revisions"}],"predecessor-version":[{"id":12326,"href":"https:\/\/catedraldemallorca.org\/ca\/wp-json\/wp\/v2\/posts\/12314\/revisions\/12326"}],"wp:featuredmedia":[{"embeddable":true,"href":"https:\/\/catedraldemallorca.org\/ca\/wp-json\/wp\/v2\/media\/12310"}],"wp:attachment":[{"href":"https:\/\/catedraldemallorca.org\/ca\/wp-json\/wp\/v2\/media?parent=12314"}],"wp:term":[{"taxonomy":"category","embeddable":true,"href":"https:\/\/catedraldemallorca.org\/ca\/wp-json\/wp\/v2\/categories?post=12314"},{"taxonomy":"post_tag","embeddable":true,"href":"https:\/\/catedraldemallorca.org\/ca\/wp-json\/wp\/v2\/tags?post=12314"}],"curies":[{"name":"wp","href":"https:\/\/api.w.org\/{rel}","templated":true}]}}