{"id":12332,"date":"2023-09-29T12:24:07","date_gmt":"2023-09-29T10:24:07","guid":{"rendered":"https:\/\/catedraldemallorca.org\/noticies\/dia-de-sant-miquel-a-la-missa-conventual-de-la-seu-lectura-del-decret-que-declara-venerable-a-mn-miquel-costa-i-llobera\/"},"modified":"2023-09-29T12:24:07","modified_gmt":"2023-09-29T10:24:07","slug":"dia-de-sant-miquel-a-la-missa-conventual-de-la-seu-lectura-del-decret-que-declara-venerable-a-mn-miquel-costa-i-llobera","status":"publish","type":"post","link":"https:\/\/catedraldemallorca.org\/ca\/noticies\/dia-de-sant-miquel-a-la-missa-conventual-de-la-seu-lectura-del-decret-que-declara-venerable-a-mn-miquel-costa-i-llobera\/","title":{"rendered":"Dia de Sant Miquel: A la Missa Conventual de la Seu, lectura del Decret que declara &#8216;Venerable&#8217; a Mn. Miquel Costa i Llobera"},"content":{"rendered":"<p style=\"text-align: justify;\"><em>El Papa Francesc va aprovar el passat mes de gener el decret que reconeix les \u00abvirtuts heroiques\u00bb del Molt l&#8217;il\u00b7lustre canonge de la Catedral de Mallorca, Mn. Miquel Costa i Llobera, marcant aix\u00ed un important avan\u00e7 en el seu cam\u00ed cap a la beatificaci\u00f3.<\/em><\/p>\n<p style=\"text-align: justify;\">Costa i Llobera va n\u00e9ixer el 10 de mar\u00e7 de 1854 a Pollen\u00e7a (Mallorca) i va morir el 16 d&#8217;octubre de 1922. La seva traject\u00f2ria es va destacar no nom\u00e9s pel seu servei com a canonge de la Seu de Mallorca sin\u00f3 que tamb\u00e9 va deixar una empremta inesborrable com a poeta en la nostra llengua. Entre les seves obres m\u00e9s destacats figura &#8216;El pi de Formentor&#8217;, obra que es considera una de les manifestacions m\u00e9s fidels de l&#8217;\u00e0nima mallorquina i un testimoni perdurable del romanticisme literari.<\/p>\n<p style=\"text-align: justify;\">El proc\u00e9s cap a la santedat implica diverses etapes, essent la primera la declaraci\u00f3 de \u00abvenerable\u00bb. El bisbe de Mallorca, Mons. Sebasti\u00e0 Taltavull, ha expressat, durant la missa conventual d&#8217;avui celebrada a la Catedral, l&#8217;agra\u00efment per la decisi\u00f3 del Papa Francesc que permet considerar com a \u00abvenerable\u00bb l&#8217;eminent poeta i sacerdot mallorqu\u00ed. Durant l&#8217;eucaristia el Bisbe ha llegit el decret i el postulador de la causa Mn. Gabriel Ramis n\u2019ha fet entrega d&#8217;un exemplar al Cabildo, cosa que ha agra\u00eft en nom de tots els Canonges el Deg\u00e0 \u2013 President, Il\u00b7lm.Mn Teodor Suau.<\/p>\n","protected":false},"excerpt":{"rendered":"<p>El Papa Francesc va aprovar el passat mes de gener el decret que reconeix les \u00abvirtuts heroiques\u00bb del Molt l&#8217;il\u00b7lustre canonge de la Catedral de Mallorca, Mn. Miquel Costa i Llobera, marcant aix\u00ed un important avan\u00e7 en el seu cam\u00ed cap a la beatificaci\u00f3. Costa i Llobera va n\u00e9ixer el 10 de mar\u00e7 de 1854 [&hellip;]<\/p>\n","protected":false},"author":2,"featured_media":12329,"comment_status":"closed","ping_status":"closed","sticky":false,"template":"","format":"standard","meta":{"_et_pb_use_builder":"","_et_pb_old_content":"","_et_gb_content_width":"","footnotes":""},"categories":[43],"tags":[],"class_list":["post-12332","post","type-post","status-publish","format-standard","has-post-thumbnail","hentry","category-noticies"],"_links":{"self":[{"href":"https:\/\/catedraldemallorca.org\/ca\/wp-json\/wp\/v2\/posts\/12332","targetHints":{"allow":["GET"]}}],"collection":[{"href":"https:\/\/catedraldemallorca.org\/ca\/wp-json\/wp\/v2\/posts"}],"about":[{"href":"https:\/\/catedraldemallorca.org\/ca\/wp-json\/wp\/v2\/types\/post"}],"author":[{"embeddable":true,"href":"https:\/\/catedraldemallorca.org\/ca\/wp-json\/wp\/v2\/users\/2"}],"replies":[{"embeddable":true,"href":"https:\/\/catedraldemallorca.org\/ca\/wp-json\/wp\/v2\/comments?post=12332"}],"version-history":[{"count":0,"href":"https:\/\/catedraldemallorca.org\/ca\/wp-json\/wp\/v2\/posts\/12332\/revisions"}],"wp:featuredmedia":[{"embeddable":true,"href":"https:\/\/catedraldemallorca.org\/ca\/wp-json\/wp\/v2\/media\/12329"}],"wp:attachment":[{"href":"https:\/\/catedraldemallorca.org\/ca\/wp-json\/wp\/v2\/media?parent=12332"}],"wp:term":[{"taxonomy":"category","embeddable":true,"href":"https:\/\/catedraldemallorca.org\/ca\/wp-json\/wp\/v2\/categories?post=12332"},{"taxonomy":"post_tag","embeddable":true,"href":"https:\/\/catedraldemallorca.org\/ca\/wp-json\/wp\/v2\/tags?post=12332"}],"curies":[{"name":"wp","href":"https:\/\/api.w.org\/{rel}","templated":true}]}}