{"id":12342,"date":"2023-10-06T13:30:38","date_gmt":"2023-10-06T11:30:38","guid":{"rendered":"https:\/\/catedraldemallorca.org\/noticies\/benediccio-de-la-capella-penitencial\/"},"modified":"2023-10-06T13:30:38","modified_gmt":"2023-10-06T11:30:38","slug":"benediccio-de-la-capella-penitencial","status":"publish","type":"post","link":"https:\/\/catedraldemallorca.org\/ca\/noticies\/benediccio-de-la-capella-penitencial\/","title":{"rendered":"Benedicci\u00f3 de la Capella Penitencial"},"content":{"rendered":"<p style=\"text-align: justify;\"><em>En un emotiu esdeveniment lit\u00fargic, la Catedral de Mallorca va celebrar el passat dia 1 d&#8217;octubre, en ocasi\u00f3 de la Solemne Missa del Dia de la Dedicaci\u00f3, la benedicci\u00f3 de la nova Capella <\/em><em>Penitencial<\/em><em>, situada en la Capella del Sant Crist de les \u00c0nimes. El nom d&#8217;aquesta capella, feia refer\u00e8ncia a l&#8217;antiga advocaci\u00f3 i retaule d&#8217;estil grecorom\u00e0 de les \u00c0nimes del Purgatori que va ocupar aquest espai fins l&#8217;any 2007.<\/em><\/p>\n<p style=\"text-align: justify;\">Quan varen comen\u00e7ar les obres de la intervenci\u00f3 de la Capella de Sant Pere, actual capella del Sant\u00edssim, el retaule de les \u00c0nimes del Purgatori va ser traslladat a un altre empla\u00e7ament i en el seu lloc es va situar la pintura del retaule de Sant Pere que representa l\u2019entrega de les claus a aquest sant. Mt 16,19.\u00a0 \u201cEt donar\u00e9 les claus del Regne del cel; tot all\u00f2 que lliguis a la terra quedar\u00e0 lligat al cel, i tot all\u00f2 que deslliguis a la terra quedar\u00e0 deslligat al cel\u201d.<\/p>\n<p style=\"text-align: justify;\">Durant la Solemne Missa de la Dedicaci\u00f3, que va estar presidida pel Mn. Teodor Suau, Deg\u00e0-President del Cap\u00edtol Catedral, es va beneir aquest nou espai dedicat a la reconciliaci\u00f3 sacramental. Els fidels que varen assistir a l&#8217;esdeveniment varen tenir l&#8217;oportunitat de presenciar la benedicci\u00f3.<\/p>\n<p style=\"text-align: justify;\">La Capella Penitencial \u00e9s un espai essencial en la vida espiritual de la comunitat i exerceix un paper crucial en la celebraci\u00f3 del sagrament de la reconciliaci\u00f3. La seva inauguraci\u00f3 representa un pas endavant en el comprom\u00eds continu de la Catedral, servir a la seva comunitat.<\/p>\n<p style=\"text-align: justify;\">Els fidels podran rebre aquest sagrament abans de les misses del diumenge i solemnitats. Aix\u00ed com demanar informaci\u00f3 a l\u2019entrada de la Seu.<\/p>\n","protected":false},"excerpt":{"rendered":"<p>En un emotiu esdeveniment lit\u00fargic, la Catedral de Mallorca va celebrar el passat dia 1 d&#8217;octubre, en ocasi\u00f3 de la Solemne Missa del Dia de la Dedicaci\u00f3, la benedicci\u00f3 de la nova Capella Penitencial, situada en la Capella del Sant Crist de les \u00c0nimes. El nom d&#8217;aquesta capella, feia refer\u00e8ncia a l&#8217;antiga advocaci\u00f3 i retaule [&hellip;]<\/p>\n","protected":false},"author":2,"featured_media":12338,"comment_status":"closed","ping_status":"closed","sticky":false,"template":"","format":"standard","meta":{"_et_pb_use_builder":"","_et_pb_old_content":"","_et_gb_content_width":"","footnotes":""},"categories":[43],"tags":[],"class_list":["post-12342","post","type-post","status-publish","format-standard","has-post-thumbnail","hentry","category-noticies"],"_links":{"self":[{"href":"https:\/\/catedraldemallorca.org\/ca\/wp-json\/wp\/v2\/posts\/12342","targetHints":{"allow":["GET"]}}],"collection":[{"href":"https:\/\/catedraldemallorca.org\/ca\/wp-json\/wp\/v2\/posts"}],"about":[{"href":"https:\/\/catedraldemallorca.org\/ca\/wp-json\/wp\/v2\/types\/post"}],"author":[{"embeddable":true,"href":"https:\/\/catedraldemallorca.org\/ca\/wp-json\/wp\/v2\/users\/2"}],"replies":[{"embeddable":true,"href":"https:\/\/catedraldemallorca.org\/ca\/wp-json\/wp\/v2\/comments?post=12342"}],"version-history":[{"count":0,"href":"https:\/\/catedraldemallorca.org\/ca\/wp-json\/wp\/v2\/posts\/12342\/revisions"}],"wp:featuredmedia":[{"embeddable":true,"href":"https:\/\/catedraldemallorca.org\/ca\/wp-json\/wp\/v2\/media\/12338"}],"wp:attachment":[{"href":"https:\/\/catedraldemallorca.org\/ca\/wp-json\/wp\/v2\/media?parent=12342"}],"wp:term":[{"taxonomy":"category","embeddable":true,"href":"https:\/\/catedraldemallorca.org\/ca\/wp-json\/wp\/v2\/categories?post=12342"},{"taxonomy":"post_tag","embeddable":true,"href":"https:\/\/catedraldemallorca.org\/ca\/wp-json\/wp\/v2\/tags?post=12342"}],"curies":[{"name":"wp","href":"https:\/\/api.w.org\/{rel}","templated":true}]}}