{"id":12391,"date":"2023-10-16T12:07:00","date_gmt":"2023-10-16T10:07:00","guid":{"rendered":"https:\/\/catedraldemallorca.org\/?p=12391"},"modified":"2023-10-16T12:07:59","modified_gmt":"2023-10-16T10:07:59","slug":"la-escolania-dels-vermells-interpreto-la-misa-breve-y-o-sacrum-convivium-en-las-retransmisiones-de-la-eucaristia-dominical-de-ib3-y-trece-tv","status":"publish","type":"post","link":"https:\/\/catedraldemallorca.org\/ca\/noticies\/la-escolania-dels-vermells-interpreto-la-misa-breve-y-o-sacrum-convivium-en-las-retransmisiones-de-la-eucaristia-dominical-de-ib3-y-trece-tv\/","title":{"rendered":"L&#8217;Escolania dels Vermells va interpretar la \u00abMissa breu\u00bb i \u00abO Sacrum Convivium\u00bb en les retransmissions de l&#8217;Eucaristia dominical d&#8217;IB3 i Trece TV."},"content":{"rendered":"<p style=\"text-align: justify;\"><em>L&#8217;Escolania dels Vermells t\u00e9 els seus arrels al segle XIV i ha destacat una vegada m\u00e9s oferint una commovedora interpretaci\u00f3 en les celebracions de l&#8217;Eucaristia que varen tenir lloc aquest passat diumenge. Les misses, retransmeses en directe per IB3 a les 10.30 hores i per Trece TV a les 12.00 hores, es varen veure enriquides pel sorprenent talent vocal de l&#8217;Escolania, sota la direcci\u00f3 de la Sra. Gl\u00f2ria Ber\u00f3n.<\/em><\/p>\n<p style=\"text-align: justify;\"><em>\u00a0<\/em><\/p>\n<p style=\"text-align: justify;\">La seva participaci\u00f3 est\u00e0 programada a les Eucaristies dominicals, que tenen lloc el segon diumenge a les 10.30 h i el quart diumenge a les 12.00 h. A m\u00e9s, participen en les grans solemnitats de la Catedral.<\/p>\n<p style=\"text-align: justify;\">Durant l&#8217;Eucaristia d&#8217;aquest passat diumenge, l&#8217;Escolania dels Vermells varen interpretar c\u00e0ntics lit\u00fargics, incloent la \u00abMissa breu de don Bernat Juli\u00e0\u00bb i \u00abO Sacrum Convivium de Georgio Susanna\u00bb, en una actuaci\u00f3 que va commoure els presents i els televidents. La solemnitat de l&#8217;Eucaristia es va veure enriquida per la bellesa de la seva m\u00fasica.<\/p>\n<p style=\"text-align: justify;\">Les misses varen ser presidides pel Bisbe de Mallorca, Mons. Sebasti\u00e0 Taltavull, qui va aprofitar l&#8217;ocasi\u00f3 per expressar la preocupaci\u00f3 de l&#8217;Esgl\u00e9sia de Mallorca per la Pau al m\u00f3n, especialment en els moments actuals de tensi\u00f3 a l&#8217;Orient Pr\u00f2xim. Les seves paraules varen fer \u00e8mfasi en la import\u00e0ncia de la unitat i la preg\u00e0ria en temps d&#8217;incertesa.<\/p>\n<p style=\"text-align: justify;\">La interpretaci\u00f3 de l&#8217;Escolania i el missatge del Bisbe es varen unir per crear una experi\u00e8ncia religiosa commovedora que va recordar la import\u00e0ncia de la fe, l&#8217;harmonia i la Pau al m\u00f3n.<\/p>\n","protected":false},"excerpt":{"rendered":"<p>L&#8217;Escolania dels Vermells t\u00e9 els seus arrels al segle XIV i ha destacat una vegada m\u00e9s oferint una commovedora interpretaci\u00f3 en les celebracions de l&#8217;Eucaristia que varen tenir lloc aquest passat diumenge. Les misses, retransmeses en directe per IB3 a les 10.30 hores i per Trece TV a les 12.00 hores, es varen veure enriquides [&hellip;]<\/p>\n","protected":false},"author":2,"featured_media":12392,"comment_status":"closed","ping_status":"closed","sticky":false,"template":"","format":"standard","meta":{"_et_pb_use_builder":"","_et_pb_old_content":"","_et_gb_content_width":"","footnotes":""},"categories":[43],"tags":[],"class_list":["post-12391","post","type-post","status-publish","format-standard","has-post-thumbnail","hentry","category-noticies"],"_links":{"self":[{"href":"https:\/\/catedraldemallorca.org\/ca\/wp-json\/wp\/v2\/posts\/12391","targetHints":{"allow":["GET"]}}],"collection":[{"href":"https:\/\/catedraldemallorca.org\/ca\/wp-json\/wp\/v2\/posts"}],"about":[{"href":"https:\/\/catedraldemallorca.org\/ca\/wp-json\/wp\/v2\/types\/post"}],"author":[{"embeddable":true,"href":"https:\/\/catedraldemallorca.org\/ca\/wp-json\/wp\/v2\/users\/2"}],"replies":[{"embeddable":true,"href":"https:\/\/catedraldemallorca.org\/ca\/wp-json\/wp\/v2\/comments?post=12391"}],"version-history":[{"count":2,"href":"https:\/\/catedraldemallorca.org\/ca\/wp-json\/wp\/v2\/posts\/12391\/revisions"}],"predecessor-version":[{"id":12396,"href":"https:\/\/catedraldemallorca.org\/ca\/wp-json\/wp\/v2\/posts\/12391\/revisions\/12396"}],"wp:featuredmedia":[{"embeddable":true,"href":"https:\/\/catedraldemallorca.org\/ca\/wp-json\/wp\/v2\/media\/12392"}],"wp:attachment":[{"href":"https:\/\/catedraldemallorca.org\/ca\/wp-json\/wp\/v2\/media?parent=12391"}],"wp:term":[{"taxonomy":"category","embeddable":true,"href":"https:\/\/catedraldemallorca.org\/ca\/wp-json\/wp\/v2\/categories?post=12391"},{"taxonomy":"post_tag","embeddable":true,"href":"https:\/\/catedraldemallorca.org\/ca\/wp-json\/wp\/v2\/tags?post=12391"}],"curies":[{"name":"wp","href":"https:\/\/api.w.org\/{rel}","templated":true}]}}