{"id":12406,"date":"2023-10-18T11:32:14","date_gmt":"2023-10-18T09:32:14","guid":{"rendered":"https:\/\/catedraldemallorca.org\/?p=12406"},"modified":"2023-10-18T11:37:11","modified_gmt":"2023-10-18T09:37:11","slug":"6a-edicio-de-lexposicio-infantil-de-nadal-tu-ets-lartista","status":"publish","type":"post","link":"https:\/\/catedraldemallorca.org\/ca\/noticies\/6a-edicio-de-lexposicio-infantil-de-nadal-tu-ets-lartista\/","title":{"rendered":"6a edici\u00f3 de l&#8217;Exposici\u00f3 Infantil de Nadal \u00abTu ets l\u2019Artista\u00bb"},"content":{"rendered":"<p style=\"text-align: justify;\"><em>La Catedral de Mallorca es vestir\u00e0 de l&#8217;esperit nadalenc una vegada m\u00e9s per donar la benvinguda a la sisena edici\u00f3 de l&#8217;Exposici\u00f3 Infantil de Nadal \u00abTu ets l\u2019Artista\u00bb. Aquest projecte \u00fanic t\u00e9 com a principal objectiu la creaci\u00f3 d&#8217;una exposici\u00f3 a partir de les obres d&#8217;art realitzades pels talentosos nins i nines participants.<\/em><\/p>\n<p style=\"text-align: justify;\"><em>\u00a0<\/em>La convocat\u00f2ria est\u00e0 oberta a nins d&#8217;edats compreses entre els 3 i els 12 anys que actualment estiguin cursant Educaci\u00f3 Infantil o Educaci\u00f3 Prim\u00e0ria. Fidel a la tradici\u00f3, el tema central de l&#8217;exposici\u00f3 gira entorn del naixement de Jes\u00fas o la representaci\u00f3 del betlem. Els joves artistes tenen total llibertat per expressar-se mitjan\u00e7ant la t\u00e8cnica que prefereixin, ja sigui collage, aquarel\u00b7la, retolador o purpurina, plasmat en una cartolina de mida A3. Cada dibuix ha d&#8217;anar acompanyat de les dades del nin: nom (sense el llinatge), edat o curs a la part frontal, i nom complet, centre educatiu i curs (si s&#8217;escau) a la part posterior.<\/p>\n<p style=\"text-align: justify;\">A causa de la limitaci\u00f3 de places disponibles, cal fer una inscripci\u00f3 pr\u00e8via. Els interessats a participar han d&#8217;enviar un correu electr\u00f2nic a visitas@catedraldemallorca.org. Les inscripcions poden fer-se a trav\u00e9s dels centres educatius o de forma individual, ja sigui en grup, en parella o individualment. La data l\u00edmit per a inscriure-s\u2019hi \u00e9s el 20 de novembre, i es demana indicar el nombre de participants.<\/p>\n<p style=\"text-align: justify;\">Els dibuixos han de ser entregats abans del 4 de desembre a les oficines del Cap\u00edtol Catedral de Mallorca (C\/Capiscolat, 2n 1r, de dilluns a divendres de 9:00 a 13:00 h) o a la recepci\u00f3 del Museu d&#8217;Art Sacre de Mallorca (C\/Mirador, 5, de dilluns a divendres de 10:00 a 13:00 h).<\/p>\n<p style=\"text-align: justify;\">L&#8217;obertura oficial de l&#8217;exposici\u00f3 tindr\u00e0 lloc el dissabte 23 de desembre a les 11:00 h a la Catedral. En aquest emotiu esdeveniment, es donaran cita els nins i nines participants i les seves fam\u00edlies Tots els dibuixos seran exposats per gaudir d&#8217;una jornada art\u00edstica inoblidable. L&#8217;Escolania dels Vermells amenitzar\u00e0 la cerim\u00f2nia amb nadales, i es lliuraran diplomes i un petit obsequi als participants fins a les 14:15 h.<\/p>\n<p style=\"text-align: justify;\">Aquesta iniciativa, que fomenta la creativitat i la participaci\u00f3 activa dels m\u00e9s joves en la celebraci\u00f3 nadalenca, promet ser un esdeveniment inoblidable per a totes les fam\u00edlies involucrades. Per obtenir-ne informaci\u00f3 addicional, podeu consultar el fullet informatiu disponible.<\/p>\n","protected":false},"excerpt":{"rendered":"<p>La Catedral de Mallorca es vestir\u00e0 de l&#8217;esperit nadalenc una vegada m\u00e9s per donar la benvinguda a la sisena edici\u00f3 de l&#8217;Exposici\u00f3 Infantil de Nadal \u00abTu ets l\u2019Artista\u00bb. Aquest projecte \u00fanic t\u00e9 com a principal objectiu la creaci\u00f3 d&#8217;una exposici\u00f3 a partir de les obres d&#8217;art realitzades pels talentosos nins i nines participants. \u00a0La convocat\u00f2ria [&hellip;]<\/p>\n","protected":false},"author":2,"featured_media":12412,"comment_status":"closed","ping_status":"closed","sticky":false,"template":"","format":"standard","meta":{"_et_pb_use_builder":"","_et_pb_old_content":"","_et_gb_content_width":"","footnotes":""},"categories":[43],"tags":[],"class_list":["post-12406","post","type-post","status-publish","format-standard","has-post-thumbnail","hentry","category-noticies"],"_links":{"self":[{"href":"https:\/\/catedraldemallorca.org\/ca\/wp-json\/wp\/v2\/posts\/12406","targetHints":{"allow":["GET"]}}],"collection":[{"href":"https:\/\/catedraldemallorca.org\/ca\/wp-json\/wp\/v2\/posts"}],"about":[{"href":"https:\/\/catedraldemallorca.org\/ca\/wp-json\/wp\/v2\/types\/post"}],"author":[{"embeddable":true,"href":"https:\/\/catedraldemallorca.org\/ca\/wp-json\/wp\/v2\/users\/2"}],"replies":[{"embeddable":true,"href":"https:\/\/catedraldemallorca.org\/ca\/wp-json\/wp\/v2\/comments?post=12406"}],"version-history":[{"count":1,"href":"https:\/\/catedraldemallorca.org\/ca\/wp-json\/wp\/v2\/posts\/12406\/revisions"}],"predecessor-version":[{"id":12410,"href":"https:\/\/catedraldemallorca.org\/ca\/wp-json\/wp\/v2\/posts\/12406\/revisions\/12410"}],"wp:featuredmedia":[{"embeddable":true,"href":"https:\/\/catedraldemallorca.org\/ca\/wp-json\/wp\/v2\/media\/12412"}],"wp:attachment":[{"href":"https:\/\/catedraldemallorca.org\/ca\/wp-json\/wp\/v2\/media?parent=12406"}],"wp:term":[{"taxonomy":"category","embeddable":true,"href":"https:\/\/catedraldemallorca.org\/ca\/wp-json\/wp\/v2\/categories?post=12406"},{"taxonomy":"post_tag","embeddable":true,"href":"https:\/\/catedraldemallorca.org\/ca\/wp-json\/wp\/v2\/tags?post=12406"}],"curies":[{"name":"wp","href":"https:\/\/api.w.org\/{rel}","templated":true}]}}