{"id":12418,"date":"2023-10-18T13:56:28","date_gmt":"2023-10-18T11:56:28","guid":{"rendered":"https:\/\/catedraldemallorca.org\/noticies\/la-catedral-de-mallorca-convoca-concurs-public-per-a-la-restauracio-del-finestral-trifora-i-vitrall-2n-sud-de-la-capella-reial\/"},"modified":"2023-10-18T13:56:28","modified_gmt":"2023-10-18T11:56:28","slug":"la-catedral-de-mallorca-convoca-concurs-public-per-a-la-restauracio-del-finestral-trifora-i-vitrall-2n-sud-de-la-capella-reial","status":"publish","type":"post","link":"https:\/\/catedraldemallorca.org\/ca\/noticies\/la-catedral-de-mallorca-convoca-concurs-public-per-a-la-restauracio-del-finestral-trifora-i-vitrall-2n-sud-de-la-capella-reial\/","title":{"rendered":"La Catedral de Mallorca convoca concurs p\u00fablic per a la Restauraci\u00f3 del Finestral Tr\u00edfora i Vitrall 2n Sud de la Capella Reial"},"content":{"rendered":"<p style=\"text-align: justify;\"><em>La majestuosa Catedral de Mallorca, un tresor arquitect\u00f2nic i cultural de l&#8217;illa, anuncia la convocat\u00f2ria d&#8217;un concurs p\u00fablic per a la licitaci\u00f3 dels serveis de redacci\u00f3 del projecte de restauraci\u00f3 del Finestral Tr\u00edfora i Vitrall 2n Sud de la Capella Reial.<\/em><\/p>\n<p style=\"text-align: justify;\">El Departament de Cultura de la Seu, en la seva cont\u00ednua cerca per la preservaci\u00f3 i conservaci\u00f3 del patrimoni hist\u00f2ric, ha publicat els detalls del concurs. La informaci\u00f3 detallada dels treballs a desenvolupar es troba en les bases t\u00e8cniques i administratives elaborades per l&#8217;\u00c0rea de Patrimoni de la Catedral. Aquells interessats a obtenir els esmentats documents per a participar en el concurs poden descarregar-lo a trav\u00e9s de la web de la Catedral.<\/p>\n<p style=\"text-align: justify;\">La redacci\u00f3 del projecte de restauraci\u00f3 es dur\u00e0 a terme en dos entorns diferents. Part del treball es realitzar\u00e0 en la Capella Reial. La resta del projecte es dur\u00e0 a terme en l\u2019estudi del contractista. Aquest enfocament integral t\u00e9 com a objectiu garantir una restauraci\u00f3 completa i acurada preservant el seu valor hist\u00f2ric i art\u00edstic per a les generacions futures.<\/p>\n<p style=\"text-align: justify;\">La restauraci\u00f3 del Finestral Tr\u00edfora i Vitrall 2n Sud de la Capella Reial no tan sols preservar\u00e0 la hist\u00f2ria i la bellesa de la Catedral, sin\u00f3 que tamb\u00e9 enriquir\u00e0 l&#8217;experi\u00e8ncia cultural i tur\u00edstica de l&#8217;illa. Aquest projecte \u00e9s un testimoniatge del comprom\u00eds de la Catedral amb la preservaci\u00f3 i promoci\u00f3 del seu valu\u00f3s patrimoni.<\/p>\n<p style=\"text-align: justify;\">La Catedral de Mallorca convida a tots els experts en restauraci\u00f3 i conservaci\u00f3 del patrimoni cultural a participar en aquest projecte. Per a obtenir m\u00e9s informaci\u00f3 sobre el concurs i els detalls espec\u00edfics del projecte, posar-se en contacte a trav\u00e9s del correu <a href=\"mailto:conservacio.preventiva@catedraldemallorca.org\">conservacio.preventiva@catedraldemallorca.org<\/a><\/p>\n","protected":false},"excerpt":{"rendered":"<p>La majestuosa Catedral de Mallorca, un tresor arquitect\u00f2nic i cultural de l&#8217;illa, anuncia la convocat\u00f2ria d&#8217;un concurs p\u00fablic per a la licitaci\u00f3 dels serveis de redacci\u00f3 del projecte de restauraci\u00f3 del Finestral Tr\u00edfora i Vitrall 2n Sud de la Capella Reial. El Departament de Cultura de la Seu, en la seva cont\u00ednua cerca per la [&hellip;]<\/p>\n","protected":false},"author":2,"featured_media":12347,"comment_status":"closed","ping_status":"closed","sticky":false,"template":"","format":"standard","meta":{"_et_pb_use_builder":"","_et_pb_old_content":"","_et_gb_content_width":"","footnotes":""},"categories":[43],"tags":[],"class_list":["post-12418","post","type-post","status-publish","format-standard","has-post-thumbnail","hentry","category-noticies"],"_links":{"self":[{"href":"https:\/\/catedraldemallorca.org\/ca\/wp-json\/wp\/v2\/posts\/12418","targetHints":{"allow":["GET"]}}],"collection":[{"href":"https:\/\/catedraldemallorca.org\/ca\/wp-json\/wp\/v2\/posts"}],"about":[{"href":"https:\/\/catedraldemallorca.org\/ca\/wp-json\/wp\/v2\/types\/post"}],"author":[{"embeddable":true,"href":"https:\/\/catedraldemallorca.org\/ca\/wp-json\/wp\/v2\/users\/2"}],"replies":[{"embeddable":true,"href":"https:\/\/catedraldemallorca.org\/ca\/wp-json\/wp\/v2\/comments?post=12418"}],"version-history":[{"count":0,"href":"https:\/\/catedraldemallorca.org\/ca\/wp-json\/wp\/v2\/posts\/12418\/revisions"}],"wp:featuredmedia":[{"embeddable":true,"href":"https:\/\/catedraldemallorca.org\/ca\/wp-json\/wp\/v2\/media\/12347"}],"wp:attachment":[{"href":"https:\/\/catedraldemallorca.org\/ca\/wp-json\/wp\/v2\/media?parent=12418"}],"wp:term":[{"taxonomy":"category","embeddable":true,"href":"https:\/\/catedraldemallorca.org\/ca\/wp-json\/wp\/v2\/categories?post=12418"},{"taxonomy":"post_tag","embeddable":true,"href":"https:\/\/catedraldemallorca.org\/ca\/wp-json\/wp\/v2\/tags?post=12418"}],"curies":[{"name":"wp","href":"https:\/\/api.w.org\/{rel}","templated":true}]}}