{"id":12456,"date":"2023-11-09T08:00:57","date_gmt":"2023-11-09T07:00:57","guid":{"rendered":"https:\/\/catedraldemallorca.org\/?p=12456"},"modified":"2023-10-25T08:40:24","modified_gmt":"2023-10-25T06:40:24","slug":"la-festa-de-la-llum-torna-a-la-seu","status":"publish","type":"post","link":"https:\/\/catedraldemallorca.org\/ca\/noticies\/la-festa-de-la-llum-torna-a-la-seu\/","title":{"rendered":"La Festa de la Llum torna a la Seu"},"content":{"rendered":"<p style=\"text-align: justify;\"><em>Coincidint amb Sant Mart\u00ed, dia 11 de novembre, la Festa de la Llum torna a la Seu per encisar tots els qui es vulguin acostar al temple per gaudir d\u2019aquest singular espectacle. Un efecte lum\u00ednic amb el qual la rosassa monumental que presideix l\u2019altar major es projecta, amb tots els seus colors, sobre la part interna de la fa\u00e7ana principal.<\/em><\/p>\n<p style=\"text-align: justify;\"><em>\u00a0<\/em>La Catedral de Mallorca obre les portes el pr\u00f2xim dia 11 de novembre i convida tots els qui ho desitgin a participar en l\u2019espectacular Festa de la Llum que, una vegada m\u00e9s, tindr\u00e0 com a escenari la part interna de la fa\u00e7ana principal.<\/p>\n<p style=\"text-align: justify;\">La rosassa que presideix l\u2019altar major es reflectir\u00e0 amb tots els seus colors i detalls, dels 1.115 vidres que la componen, en aquesta pantalla de pedra. Es tracta d\u2019un fenomen molt singular que \u00e9s possible gr\u00e0cies a la conjunci\u00f3 d\u2019una s\u00e8rie de factors i que no \u00e9s present a cap altra catedral d\u2019Europa.<\/p>\n<p style=\"text-align: justify;\">Aquests s\u00f3n els motius que produeixen aquest efecte de llum i colors.<\/p>\n<ol style=\"text-align: justify;\">\n<li>La construcci\u00f3 del temple sobre la mesquita que s\u2019erigia en el mateix entorn, la qual va determinar la seva planta basilical. La f\u00e0brica es va iniciar a partir del segle XIII i es va concloure a la d\u00e8cada de 1630.<\/li>\n<li>La combinaci\u00f3 entre les dimensions de la nau central i la ubicaci\u00f3 de la rosassa major, amb un di\u00e0metre de prop de 12 metres, fa que ambdues estructures estiguin perfectament alineades.<\/li>\n<li>La construcci\u00f3 de la fa\u00e7ana principal va tenir lloc en tres etapes cronol\u00f2giques, entre els segles XVI-XVII i XIX, i presenta dos frontis diferents, tant a l\u2019interior com a l\u2019exterior. Aquest factor, decisiu, va marcar la ubicaci\u00f3 actual de la rosassa vista des del mur interior.<\/li>\n<li>La finalitzaci\u00f3 del projecte d\u2019instal\u00b7laci\u00f3 dels vitralls a tots els finestrals i \u00f2culs disponibles de la Seu, que va comen\u00e7ar a finals del segle XIX. Cal comentar que la darrera fase dels vitralls coincideix amb les prescripcions lit\u00fargiques del Concili Vatic\u00e0 II. Les condicions d\u2019entrada de llum romanen estables des del 2010, any en el qual es varen acabar les restauracions de la rosassa major.<\/li>\n<\/ol>\n<p style=\"text-align: justify;\">La Catedral de Mallorca obrir\u00e0 les portes a les 7:30 h del demat\u00ed perqu\u00e8 tots els qui vulguin admirar la Festa de la Llum ho puguin fer.<\/p>\n<p style=\"text-align: justify;\">Qui no hi pugui assistir per\u00f2 hi estigui interessat, podr\u00e0 seguir aquest fenomen a l\u2019emissi\u00f3 per streaming que es dur\u00e0 a terme a trav\u00e9s del canal de Youtube de la Seu.<\/p>\n<p style=\"text-align: justify;\">El Cap\u00edtol convida els mitjans de comunicaci\u00f3 a assistir a l\u2019espectacle i enregistrar-ne imatges des de la capella Reial, des d\u2019on es pot veure millor i amb menys espectadors. El personal de la Seu es posar\u00e0 a la seva disposici\u00f3 per ser entrevistat i podr\u00e0 respondre a totes les preguntes que puguin plantejar-se.<\/p>\n","protected":false},"excerpt":{"rendered":"<p>Coincidint amb Sant Mart\u00ed, dia 11 de novembre, la Festa de la Llum torna a la Seu per encisar tots els qui es vulguin acostar al temple per gaudir d\u2019aquest singular espectacle. Un efecte lum\u00ednic amb el qual la rosassa monumental que presideix l\u2019altar major es projecta, amb tots els seus colors, sobre la part [&hellip;]<\/p>\n","protected":false},"author":2,"featured_media":12457,"comment_status":"closed","ping_status":"closed","sticky":false,"template":"","format":"standard","meta":{"_et_pb_use_builder":"","_et_pb_old_content":"","_et_gb_content_width":"","footnotes":""},"categories":[43],"tags":[],"class_list":["post-12456","post","type-post","status-publish","format-standard","has-post-thumbnail","hentry","category-noticies"],"_links":{"self":[{"href":"https:\/\/catedraldemallorca.org\/ca\/wp-json\/wp\/v2\/posts\/12456","targetHints":{"allow":["GET"]}}],"collection":[{"href":"https:\/\/catedraldemallorca.org\/ca\/wp-json\/wp\/v2\/posts"}],"about":[{"href":"https:\/\/catedraldemallorca.org\/ca\/wp-json\/wp\/v2\/types\/post"}],"author":[{"embeddable":true,"href":"https:\/\/catedraldemallorca.org\/ca\/wp-json\/wp\/v2\/users\/2"}],"replies":[{"embeddable":true,"href":"https:\/\/catedraldemallorca.org\/ca\/wp-json\/wp\/v2\/comments?post=12456"}],"version-history":[{"count":1,"href":"https:\/\/catedraldemallorca.org\/ca\/wp-json\/wp\/v2\/posts\/12456\/revisions"}],"predecessor-version":[{"id":12460,"href":"https:\/\/catedraldemallorca.org\/ca\/wp-json\/wp\/v2\/posts\/12456\/revisions\/12460"}],"wp:featuredmedia":[{"embeddable":true,"href":"https:\/\/catedraldemallorca.org\/ca\/wp-json\/wp\/v2\/media\/12457"}],"wp:attachment":[{"href":"https:\/\/catedraldemallorca.org\/ca\/wp-json\/wp\/v2\/media?parent=12456"}],"wp:term":[{"taxonomy":"category","embeddable":true,"href":"https:\/\/catedraldemallorca.org\/ca\/wp-json\/wp\/v2\/categories?post=12456"},{"taxonomy":"post_tag","embeddable":true,"href":"https:\/\/catedraldemallorca.org\/ca\/wp-json\/wp\/v2\/tags?post=12456"}],"curies":[{"name":"wp","href":"https:\/\/api.w.org\/{rel}","templated":true}]}}