{"id":13729,"date":"2024-04-30T09:30:23","date_gmt":"2024-04-30T07:30:23","guid":{"rendered":"https:\/\/catedraldemallorca.org\/?p=13729"},"modified":"2024-05-02T13:31:27","modified_gmt":"2024-05-02T11:31:27","slug":"les-terrasses-de-la-catedral-es-tornen-a-obrir-al-public-el-2-de-maig","status":"publish","type":"post","link":"https:\/\/catedraldemallorca.org\/ca\/noticies\/les-terrasses-de-la-catedral-es-tornen-a-obrir-al-public-el-2-de-maig\/","title":{"rendered":"Les terrasses de la Catedral es tornen a  obrir al p\u00fablic el 2 de maig"},"content":{"rendered":"<p style=\"text-align: justify;\"><em>El retorn del bon temps i l\u2019inici de la primavera marca una\u00a0 cita al calendari que ja \u00e9s tota una tradici\u00f3: l\u2019apertura al p\u00fablic de les terrasses de la Catedral de Mallorca, que enguany tindr\u00e0 lloc el 2 de maig. <\/em><\/p>\n<p style=\"text-align: justify;\">Ciutadans i visitants estan acostumats a veure el campanar, els arcbotants o el roset\u00f3 major de la Seu de Mallorca des de terra, per\u00f2 les terrasses de la Catedral amaguen molts detalls, a m\u00e9s d\u2019una vista espectacular de la badia, o un escenari incomparable damunt les teulades de Ciutat.<\/p>\n<p style=\"text-align: justify;\">A partir del dia 2 de maig, qui encara no hagi descobert aquesta part de la Catedral, amagada a simple vista per\u00f2 viva i plena d\u2019experi\u00e8ncies a les altures, ho podr\u00e0 fer, o tornar a fer, si \u00e9s el cas.<\/p>\n<p style=\"text-align: justify;\">L\u2019entrada a les terrasses costar\u00e0 8 euros als residents de la Di\u00f2cesis de Mallorca i 25 a la resta, i, a m\u00e9s de fer una volta un poquet m\u00e9s a prop del cel \u201clliurement\u201d, sense guia, els visitants podran accedir al temple i al Museu d\u2019Art Sacre. Per poder adquirir les entrades, s\u2019haur\u00e0 de realitzar a trav\u00e9s de la p\u00e0gina web de la Catedral o a les taquilles. Quan la reserva es faci online, ser\u00e0 necessari presentar els codis QR rebuts per correu electr\u00f2nic.<\/p>\n<p style=\"text-align: justify;\">Aquests s\u00f3n els horaris en qu\u00e8 estaran obertes:<\/p>\n<ul style=\"text-align: justify;\">\n<li>De dilluns a divendres de 10:00 a 16:30 h.<\/li>\n<li>Dissabtes de 10:00 a 13:30 h.<\/li>\n<\/ul>\n<p>A m\u00e9s, els residents hi podran accedir de manera gratu\u00efta tots els divendres, aix\u00ed com els dies 2, 3 i 4 de maig, per\u00f2 nom\u00e9s podran reservar les seves entrades a les taquilles de la Seu i ser\u00e0 imprescindible presentar el DNI.<\/p>\n","protected":false},"excerpt":{"rendered":"<p>El retorn del bon temps i l\u2019inici de la primavera marca una\u00a0 cita al calendari que ja \u00e9s tota una tradici\u00f3: l\u2019apertura al p\u00fablic de les terrasses de la Catedral de Mallorca, que enguany tindr\u00e0 lloc el 2 de maig. Ciutadans i visitants estan acostumats a veure el campanar, els arcbotants o el roset\u00f3 major [&hellip;]<\/p>\n","protected":false},"author":10,"featured_media":13726,"comment_status":"closed","ping_status":"closed","sticky":false,"template":"","format":"standard","meta":{"_et_pb_use_builder":"","_et_pb_old_content":"","_et_gb_content_width":"","footnotes":""},"categories":[43],"tags":[],"class_list":["post-13729","post","type-post","status-publish","format-standard","has-post-thumbnail","hentry","category-noticies"],"_links":{"self":[{"href":"https:\/\/catedraldemallorca.org\/ca\/wp-json\/wp\/v2\/posts\/13729","targetHints":{"allow":["GET"]}}],"collection":[{"href":"https:\/\/catedraldemallorca.org\/ca\/wp-json\/wp\/v2\/posts"}],"about":[{"href":"https:\/\/catedraldemallorca.org\/ca\/wp-json\/wp\/v2\/types\/post"}],"author":[{"embeddable":true,"href":"https:\/\/catedraldemallorca.org\/ca\/wp-json\/wp\/v2\/users\/10"}],"replies":[{"embeddable":true,"href":"https:\/\/catedraldemallorca.org\/ca\/wp-json\/wp\/v2\/comments?post=13729"}],"version-history":[{"count":4,"href":"https:\/\/catedraldemallorca.org\/ca\/wp-json\/wp\/v2\/posts\/13729\/revisions"}],"predecessor-version":[{"id":13853,"href":"https:\/\/catedraldemallorca.org\/ca\/wp-json\/wp\/v2\/posts\/13729\/revisions\/13853"}],"wp:featuredmedia":[{"embeddable":true,"href":"https:\/\/catedraldemallorca.org\/ca\/wp-json\/wp\/v2\/media\/13726"}],"wp:attachment":[{"href":"https:\/\/catedraldemallorca.org\/ca\/wp-json\/wp\/v2\/media?parent=13729"}],"wp:term":[{"taxonomy":"category","embeddable":true,"href":"https:\/\/catedraldemallorca.org\/ca\/wp-json\/wp\/v2\/categories?post=13729"},{"taxonomy":"post_tag","embeddable":true,"href":"https:\/\/catedraldemallorca.org\/ca\/wp-json\/wp\/v2\/tags?post=13729"}],"curies":[{"name":"wp","href":"https:\/\/api.w.org\/{rel}","templated":true}]}}