{"id":14408,"date":"2024-08-16T13:57:37","date_gmt":"2024-08-16T11:57:37","guid":{"rendered":"https:\/\/catedraldemallorca.org\/noticies\/la-seu-celebra-lassumpcio-de-la-mare-de-deu\/"},"modified":"2024-09-17T12:11:12","modified_gmt":"2024-09-17T10:11:12","slug":"la-seu-celebra-lassumpcio-de-la-mare-de-deu","status":"publish","type":"post","link":"https:\/\/catedraldemallorca.org\/ca\/noticies\/la-seu-celebra-lassumpcio-de-la-mare-de-deu\/","title":{"rendered":"El Llit de la Mare de D\u00e9u, obert al p\u00fablic"},"content":{"rendered":"<p style=\"text-align: justify;\" data-mce-style=\"text-align: justify;\">La Catedral de Mallorca ha celebrat l&#8217;Assumpci\u00f3 de la Mare de D\u00e9u, Titular de la Seu, una de les festes religioses m\u00e9s tradicionals per la societat mallorquina.<\/p>\n<p style=\"text-align: justify;\" data-mce-style=\"text-align: justify;\">La vig\u00edlia de la festivitat, es va dur a terme el trasllat de la Mare de D\u00e9u morta des de l&#8217;altar major fins al seu Llit davant el Portal Major, una antiga tradici\u00f3 ara recuperada. La Capella de la Seu va interpretar el Cant dels Vespres, la Salve i un recull de peces marianes. L&#8217;acompanyava, a l&#8217;orgue, Bartomeu Mut.<\/p>\n<p style=\"text-align: justify;\" data-mce-style=\"text-align: justify;\">La Seu exposar\u00e0 al Llit fins dia 22 d&#8217;agost, en els seg\u00fcents horaris:<\/p>\n<ul style=\"text-align: justify;\" data-mce-style=\"text-align: justify;\">\n<li>De dilluns a divendres: 10.00 a 17.00 h.<\/li>\n<li>Dissabtes: 10.00 a 13.30 h i de 18.30 a 20.00 h.<\/li>\n<li>Diumenges: 9.30 a 13.00 h i de 18.30 a 20.00 h<\/li>\n<\/ul>\n<p style=\"text-align: justify;\" data-mce-style=\"text-align: justify;\">Durant les celebracions no es podr\u00e0 visitar el Llit.<\/p>\n<p style=\"text-align: justify;\" data-mce-style=\"text-align: justify;\">El dia 15, festa de l&#8217;Assumpci\u00f3 de la Mare de D\u00e9u, el Deg\u00e0-President de la Seu, Mn. Antoni Vera, va presidir una missa solemne.<\/p>\n","protected":false},"excerpt":{"rendered":"<p>La Catedral de Mallorca ha celebrat l&#8217;Assumpci\u00f3 de la Mare de D\u00e9u, Titular de la Seu, una de les festes religioses m\u00e9s tradicionals per la societat mallorquina.<\/p>\n","protected":false},"author":10,"featured_media":14410,"comment_status":"closed","ping_status":"closed","sticky":false,"template":"","format":"standard","meta":{"_et_pb_use_builder":"","_et_pb_old_content":"","_et_gb_content_width":"","footnotes":""},"categories":[43],"tags":[],"class_list":["post-14408","post","type-post","status-publish","format-standard","has-post-thumbnail","hentry","category-noticies"],"_links":{"self":[{"href":"https:\/\/catedraldemallorca.org\/ca\/wp-json\/wp\/v2\/posts\/14408","targetHints":{"allow":["GET"]}}],"collection":[{"href":"https:\/\/catedraldemallorca.org\/ca\/wp-json\/wp\/v2\/posts"}],"about":[{"href":"https:\/\/catedraldemallorca.org\/ca\/wp-json\/wp\/v2\/types\/post"}],"author":[{"embeddable":true,"href":"https:\/\/catedraldemallorca.org\/ca\/wp-json\/wp\/v2\/users\/10"}],"replies":[{"embeddable":true,"href":"https:\/\/catedraldemallorca.org\/ca\/wp-json\/wp\/v2\/comments?post=14408"}],"version-history":[{"count":3,"href":"https:\/\/catedraldemallorca.org\/ca\/wp-json\/wp\/v2\/posts\/14408\/revisions"}],"predecessor-version":[{"id":14788,"href":"https:\/\/catedraldemallorca.org\/ca\/wp-json\/wp\/v2\/posts\/14408\/revisions\/14788"}],"wp:featuredmedia":[{"embeddable":true,"href":"https:\/\/catedraldemallorca.org\/ca\/wp-json\/wp\/v2\/media\/14410"}],"wp:attachment":[{"href":"https:\/\/catedraldemallorca.org\/ca\/wp-json\/wp\/v2\/media?parent=14408"}],"wp:term":[{"taxonomy":"category","embeddable":true,"href":"https:\/\/catedraldemallorca.org\/ca\/wp-json\/wp\/v2\/categories?post=14408"},{"taxonomy":"post_tag","embeddable":true,"href":"https:\/\/catedraldemallorca.org\/ca\/wp-json\/wp\/v2\/tags?post=14408"}],"curies":[{"name":"wp","href":"https:\/\/api.w.org\/{rel}","templated":true}]}}