{"id":14606,"date":"2024-09-02T09:00:06","date_gmt":"2024-09-02T07:00:06","guid":{"rendered":"https:\/\/catedraldemallorca.org\/?p=14606"},"modified":"2024-09-17T15:32:29","modified_gmt":"2024-09-17T13:32:29","slug":"arrenquen-les-visites-escolars-endinsat-a-la-seu-i-el-masm","status":"publish","type":"post","link":"https:\/\/catedraldemallorca.org\/ca\/noticies\/arrenquen-les-visites-escolars-endinsat-a-la-seu-i-el-masm\/","title":{"rendered":"Arrenquen les visites escolars \u2018Endinsa\u2019t a la Seu i el MASM\u2019"},"content":{"rendered":"<p style=\"text-align: justify;\">El Cap\u00edtol de la Catedral de Mallorca torna a arrencar el programa de visites escolars \u2018Endinsa\u2019t a la Seu i el Museu d\u2019Art Sacre de Mallorca (MASM)\u2019, que enguany compleix deu anys, pel curs 2024-25. Durant aquest per\u00edode, han participat en el projecte educatiu al voltant de 60.000 infants i joves d\u2019escoles i instituts de l\u2019illa.<\/p>\n<p style=\"text-align: justify;\">\u00c9s una activitat adre\u00e7ada a alumnes de totes les etapes educatives, amb l\u2019objectiu de con\u00e8ixer la hist\u00f2ria, la cultura, l\u2019art i l\u2019espiritualitat de la Catedral i el Museu d\u2019Art Sacre de Mallorca.<\/p>\n<p style=\"text-align: justify;\">El programa s\u2019ofereix als centres educatius de l\u2019illa, per a Educaci\u00f3 Infantil, Prim\u00e0ria i Secund\u00e0ria, Batxillerat, Formaci\u00f3 Professional i Educaci\u00f3 per a Adults. Consisteix en visites guiades d\u2019una durada aproximada d\u2019una hora o d\u2019una hora i mitja en cas qu\u00e8 es complementin amb un taller, de dilluns a divendres, de 10.00 h a 13.00 h.<\/p>\n<p style=\"text-align: justify;\">Les visites s\u00f3n guiades i dinamitzades per l\u2019equip de Gesti\u00f3 Cultural de la Seu. Es pret\u00e9n fomentar la valoraci\u00f3, l\u2019estima i cura del nostre patrimoni religi\u00f3s entre els m\u00e9s petits i joves. Es proposen diferents recorreguts, segons la tem\u00e0tica en la qual se centra la visita, tots ells adaptats a cada etapa educativa.<\/p>\n<p style=\"text-align: justify;\">Aix\u00ed, l\u2019alumnat podr\u00e0 con\u00e8ixer l\u2019origen de la Catedral, les seves caracter\u00edstiques i parts m\u00e9s destacades, per\u00f2 tamb\u00e9 descobrir\u00e0 les hist\u00f2ries b\u00edbliques, les principals sepultures del temple, els tresors que amaga el MASM o algunes llegendes populars vinculades a la nostra cultura i tradici\u00f3.<\/p>\n<p style=\"text-align: justify;\">Les visites tenen un cost de 2 \u20ac per alumne (els mestres i professors tenen entrada gratu\u00efta). S\u2019han de reservar amb antelaci\u00f3 a trav\u00e9s del correu electr\u00f2nic <a href=\"mailto:areagestiocultural@catedraldemallorca.org\">areagestiocultural@catedraldemallorca.org<\/a>.<\/p>\n","protected":false},"excerpt":{"rendered":"<p>El Cap\u00edtol de la Catedral de Mallorca torna a arrencar el programa de visites escolars \u2018Endinsa\u2019t a la Seu i el Museu d\u2019Art Sacre de Mallorca (MASM)\u2019, que enguany compleix deu anys, pel curs 2024-25.<\/p>\n","protected":false},"author":10,"featured_media":14607,"comment_status":"closed","ping_status":"closed","sticky":false,"template":"","format":"standard","meta":{"_et_pb_use_builder":"","_et_pb_old_content":"","_et_gb_content_width":"","footnotes":""},"categories":[43],"tags":[],"class_list":["post-14606","post","type-post","status-publish","format-standard","has-post-thumbnail","hentry","category-noticies"],"_links":{"self":[{"href":"https:\/\/catedraldemallorca.org\/ca\/wp-json\/wp\/v2\/posts\/14606","targetHints":{"allow":["GET"]}}],"collection":[{"href":"https:\/\/catedraldemallorca.org\/ca\/wp-json\/wp\/v2\/posts"}],"about":[{"href":"https:\/\/catedraldemallorca.org\/ca\/wp-json\/wp\/v2\/types\/post"}],"author":[{"embeddable":true,"href":"https:\/\/catedraldemallorca.org\/ca\/wp-json\/wp\/v2\/users\/10"}],"replies":[{"embeddable":true,"href":"https:\/\/catedraldemallorca.org\/ca\/wp-json\/wp\/v2\/comments?post=14606"}],"version-history":[{"count":3,"href":"https:\/\/catedraldemallorca.org\/ca\/wp-json\/wp\/v2\/posts\/14606\/revisions"}],"predecessor-version":[{"id":14819,"href":"https:\/\/catedraldemallorca.org\/ca\/wp-json\/wp\/v2\/posts\/14606\/revisions\/14819"}],"wp:featuredmedia":[{"embeddable":true,"href":"https:\/\/catedraldemallorca.org\/ca\/wp-json\/wp\/v2\/media\/14607"}],"wp:attachment":[{"href":"https:\/\/catedraldemallorca.org\/ca\/wp-json\/wp\/v2\/media?parent=14606"}],"wp:term":[{"taxonomy":"category","embeddable":true,"href":"https:\/\/catedraldemallorca.org\/ca\/wp-json\/wp\/v2\/categories?post=14606"},{"taxonomy":"post_tag","embeddable":true,"href":"https:\/\/catedraldemallorca.org\/ca\/wp-json\/wp\/v2\/tags?post=14606"}],"curies":[{"name":"wp","href":"https:\/\/api.w.org\/{rel}","templated":true}]}}