{"id":3368,"date":"2021-11-12T10:52:17","date_gmt":"2021-11-12T10:52:17","guid":{"rendered":"https:\/\/catedraldemallorca.org\/noticies\/noticies-2021\/mor-als-80-anys-mn-joan-parets-reconegut-musicoleg-de-les-illes\/"},"modified":"2021-11-12T10:52:17","modified_gmt":"2021-11-12T10:52:17","slug":"mor-als-80-anys-mn-joan-parets-reconegut-musicoleg-de-les-illes","status":"publish","type":"post","link":"https:\/\/catedraldemallorca.org\/ca\/noticies\/mor-als-80-anys-mn-joan-parets-reconegut-musicoleg-de-les-illes\/","title":{"rendered":"Mor als 80 anys Mn. Joan Parets, reconegut music\u00f2leg de les Illes"},"content":{"rendered":"<p>Mn. Joan Parets, prevere i documentalista musical va morir el dia d&#8217;ahir als 80 anys. Aquest reconegut music\u00f2leg nascut a Santa Maria va dedicar part de la seva vida a l&#8217;estudi de la musicologia especialment de la nostra terra, deixant un llegat documental d\u2019un gran valor perqu\u00e8 les generacions futures puguin aprofundir en la recuperaci\u00f3 de la mem\u00f2ria musical de les Illes.<\/p>\n<p>Durant anys Mn. Parets va anar donant forma a un important arxiu que ha repartit entre la Fundaci\u00f3 ACA i la Seu. L&#8217;Arxiu Capitular de Mallorca conserva el Fons personal de Joan Parets Serra, qui amablement f\u00e9u donaci\u00f3 del seu llegat a la Catedral el desembre de 2016. Aquest fons est\u00e0 format, especialment, per llibres i documents d&#8217;hemeroteca aix\u00ed com tamb\u00e9 algunes anotacions originals de Mn. Parets. La tem\u00e0tica principal del seu llegat \u00e9s sobre la Sibil\u00b7la, per\u00f2 tamb\u00e9 inclou documentaci\u00f3 relacionada amb sants i beats mallorquins (Ramon Llull, Jun\u00edper Serra, Alonso Rodr\u00edguez, Catalina Tom\u00e0s i Francinaina Cirer), nadales i celebracions tradicionals.<\/p>\n","protected":false},"excerpt":{"rendered":"<p>Mn. Joan Parets, prevere i documentalista musical va morir el dia d&#8217;ahir als 80 anys. Aquest reconegut music\u00f2leg nascut a Santa Maria va dedicar part de la seva vida a l&#8217;estudi de la musicologia especialment de la nostra terra, deixant un llegat documental d\u2019un gran valor perqu\u00e8 les generacions futures puguin aprofundir en la recuperaci\u00f3 [&hellip;]<\/p>\n","protected":false},"author":2,"featured_media":702,"comment_status":"closed","ping_status":"closed","sticky":false,"template":"","format":"standard","meta":{"_et_pb_use_builder":"","_et_pb_old_content":"","_et_gb_content_width":"","footnotes":""},"categories":[43],"tags":[49,47,48],"class_list":["post-3368","post","type-post","status-publish","format-standard","has-post-thumbnail","hentry","category-noticies","tag-fallecimiento-ca","tag-joan-parets-ca","tag-musicologo-ca"],"_links":{"self":[{"href":"https:\/\/catedraldemallorca.org\/ca\/wp-json\/wp\/v2\/posts\/3368","targetHints":{"allow":["GET"]}}],"collection":[{"href":"https:\/\/catedraldemallorca.org\/ca\/wp-json\/wp\/v2\/posts"}],"about":[{"href":"https:\/\/catedraldemallorca.org\/ca\/wp-json\/wp\/v2\/types\/post"}],"author":[{"embeddable":true,"href":"https:\/\/catedraldemallorca.org\/ca\/wp-json\/wp\/v2\/users\/2"}],"replies":[{"embeddable":true,"href":"https:\/\/catedraldemallorca.org\/ca\/wp-json\/wp\/v2\/comments?post=3368"}],"version-history":[{"count":0,"href":"https:\/\/catedraldemallorca.org\/ca\/wp-json\/wp\/v2\/posts\/3368\/revisions"}],"wp:featuredmedia":[{"embeddable":true,"href":"https:\/\/catedraldemallorca.org\/ca\/wp-json\/wp\/v2\/media\/702"}],"wp:attachment":[{"href":"https:\/\/catedraldemallorca.org\/ca\/wp-json\/wp\/v2\/media?parent=3368"}],"wp:term":[{"taxonomy":"category","embeddable":true,"href":"https:\/\/catedraldemallorca.org\/ca\/wp-json\/wp\/v2\/categories?post=3368"},{"taxonomy":"post_tag","embeddable":true,"href":"https:\/\/catedraldemallorca.org\/ca\/wp-json\/wp\/v2\/tags?post=3368"}],"curies":[{"name":"wp","href":"https:\/\/api.w.org\/{rel}","templated":true}]}}