{"id":3369,"date":"2021-11-12T10:53:10","date_gmt":"2021-11-12T10:53:10","guid":{"rendered":"https:\/\/catedraldemallorca.org\/noticies\/noticies-2021\/20e-festival-internacional-dorgue-lorgue-concertant\/"},"modified":"2021-11-12T10:53:10","modified_gmt":"2021-11-12T10:53:10","slug":"20e-festival-internacional-dorgue-lorgue-concertant","status":"publish","type":"post","link":"https:\/\/catedraldemallorca.org\/ca\/noticies\/20e-festival-internacional-dorgue-lorgue-concertant\/","title":{"rendered":"20\u00e8 Festival Internacional d&#8217;Orgue &#8211; L&#8217;orgue concertant"},"content":{"rendered":"<p><em>Els dies 3, 10 i 17 d&#8217;octubre se celebrar\u00e0 el 20\u00e8 Festival Internacional d&#8217;Orgue a la Catedral de Mallorca. Aquest esdeveniment s&#8217;emmarca dins la celebraci\u00f3 de la Festa de la Dedicaci\u00f3 de la Seu.<\/em><\/p>\n<p>La commoci\u00f3 general causada per la covid-19 i el projecte de restauraci\u00f3 de l&#8217;orgue major de la Catedral, han alterat el format habitual dels concerts. L&#8217;orgue major de la Catedral no sonar\u00e0, per\u00f2 l&#8217;instrument petit empla\u00e7at en el presbiteri, el substituir\u00e0 l&#8217;orgue no nom\u00e9s com a solista, sin\u00f3 tamb\u00e9 en la seva vessant concertant: l&#8217;instrument que alterna, dialoga o acompanya a altres formacions, vocals o instrumentals.<\/p>\n<p>Els concerts es realitzaran els tres primers diumenges d&#8217;octubre a les 20.00h a la Catedral, l&#8217;entrada ser\u00e0 gratu\u00efta i tindr\u00e0 un aforament limitat. Tamb\u00e9 es podr\u00e0 seguir per sreaming a trav\u00e9s de la p\u00e0gina web de la Catedral i pel canal oficial de Facebook i Youtube de la Seu. A continuaci\u00f3, adjuntem la programaci\u00f3 d\u2019aquesta 20\u00e8 edici\u00f3:\u00a0<\/p>\n<p><strong>3.10.2021 &#8211; Tintinnabuli<\/strong><\/p>\n<p>Bartomeu Mut, organista. Amb la col\u00b7laboraci\u00f3 del cor de la Catedral de Mallorca i dels solistes Mar Campo i Juan Antonio Garc\u00eda Illanas, dirigits per Ra\u00fal Mart\u00ednez Villanueva. S\u2019hi interpretaran obres d\u2019Arvo P\u00e4rt i de James Whitbourn. El llenguatge tintinnabuli creat per P\u00e4rt ser\u00e0 el fil conductor de la vetllada.<\/p>\n<p><strong>10.10.2021 &#8211; Narratio<\/strong><\/p>\n<p>Miquel \u00c0ngel Torrens, actor, i Bartomeu Mut, organista. Set segles de m\u00fasica. Paraula i m\u00fasica s\u2019uneixen per explicar la restauraci\u00f3 de l\u2019orgue major de la Seu, constru\u00eft el 1484. S\u2019hi presentar\u00e0 el teaser del documental \u201cLa veu dels \u00e0ngels. L\u2019orgue de la catedral\u201d, i a continuaci\u00f3 es far\u00e0 un col\u00b7loqui.<\/p>\n<p><strong>17.10.2021 &#8211; Cum Jubilo<\/strong><\/p>\n<p>Rafel Riera, organista. Amb la col\u00b7laboraci\u00f3 de la coral de veus masculines A l\u2019Octava i del bar\u00edton Joan Miquel Mu\u00f1oz, dirigits per Ricard Terradas. S\u2019interpretaran la Missa Cum Jubilo de Durufl\u00e9, com a nexe central del concert. Tamb\u00e9 s\u2019hi interpretaran obres de Gelabert, de Kocs\u00e1r i del propi organista, Rafel Riera.<\/p>\n","protected":false},"excerpt":{"rendered":"<p>Els dies 3, 10 i 17 d&#8217;octubre se celebrar\u00e0 el 20\u00e8 Festival Internacional d&#8217;Orgue a la Catedral de Mallorca. Aquest esdeveniment s&#8217;emmarca dins la celebraci\u00f3 de la Festa de la Dedicaci\u00f3 de la Seu. La commoci\u00f3 general causada per la covid-19 i el projecte de restauraci\u00f3 de l&#8217;orgue major de la Catedral, han alterat el [&hellip;]<\/p>\n","protected":false},"author":2,"featured_media":3281,"comment_status":"closed","ping_status":"closed","sticky":false,"template":"","format":"standard","meta":{"_et_pb_use_builder":"","_et_pb_old_content":"","_et_gb_content_width":"","footnotes":""},"categories":[43],"tags":[],"class_list":["post-3369","post","type-post","status-publish","format-standard","has-post-thumbnail","hentry","category-noticies"],"_links":{"self":[{"href":"https:\/\/catedraldemallorca.org\/ca\/wp-json\/wp\/v2\/posts\/3369","targetHints":{"allow":["GET"]}}],"collection":[{"href":"https:\/\/catedraldemallorca.org\/ca\/wp-json\/wp\/v2\/posts"}],"about":[{"href":"https:\/\/catedraldemallorca.org\/ca\/wp-json\/wp\/v2\/types\/post"}],"author":[{"embeddable":true,"href":"https:\/\/catedraldemallorca.org\/ca\/wp-json\/wp\/v2\/users\/2"}],"replies":[{"embeddable":true,"href":"https:\/\/catedraldemallorca.org\/ca\/wp-json\/wp\/v2\/comments?post=3369"}],"version-history":[{"count":0,"href":"https:\/\/catedraldemallorca.org\/ca\/wp-json\/wp\/v2\/posts\/3369\/revisions"}],"wp:featuredmedia":[{"embeddable":true,"href":"https:\/\/catedraldemallorca.org\/ca\/wp-json\/wp\/v2\/media\/3281"}],"wp:attachment":[{"href":"https:\/\/catedraldemallorca.org\/ca\/wp-json\/wp\/v2\/media?parent=3369"}],"wp:term":[{"taxonomy":"category","embeddable":true,"href":"https:\/\/catedraldemallorca.org\/ca\/wp-json\/wp\/v2\/categories?post=3369"},{"taxonomy":"post_tag","embeddable":true,"href":"https:\/\/catedraldemallorca.org\/ca\/wp-json\/wp\/v2\/tags?post=3369"}],"curies":[{"name":"wp","href":"https:\/\/api.w.org\/{rel}","templated":true}]}}