{"id":3370,"date":"2021-11-12T10:53:40","date_gmt":"2021-11-12T10:53:40","guid":{"rendered":"https:\/\/catedraldemallorca.org\/noticies\/noticies-2021\/mn-teodor-suau-es-reelegit-dega-de-la-catedral\/"},"modified":"2021-11-12T10:53:40","modified_gmt":"2021-11-12T10:53:40","slug":"mn-teodor-suau-es-reelegit-dega-de-la-catedral","status":"publish","type":"post","link":"https:\/\/catedraldemallorca.org\/ca\/noticies\/mn-teodor-suau-es-reelegit-dega-de-la-catedral\/","title":{"rendered":"Mn. Teodor Suau \u00e9s reelegit deg\u00e0 de la Catedral"},"content":{"rendered":"<p><em>Durant el mat\u00ed d&#8217;avui, el Cap\u00edtol Catedral s&#8217;ha reunit per a triar al nou deg\u00e0 i vicedeg\u00e0 de la Catedral de Mallorca. Mn. Teodor Suau seguir\u00e0 al capdavant del <\/em>Cap\u00edtol <em>de canonges que regeixen el primer temple de la di\u00f2cesi.<\/em><\/p>\n<p>El Cap\u00edtol ha celebrat una reuni\u00f3 en la qual ha estat reelegit com a deg\u00e0 Mn. Teodor Suau. El Bisbe de Mallorca, Mons. Sebasti\u00e0 Taltavull, ha ratificat aquesta elecci\u00f3. Suau seguir\u00e0 al front del Cap\u00edtol Catedral, un c\u00e0rrec per al qual va ser designat per primera vegada fa quatre anys. Durant aquests pr\u00f2xims anys comptar\u00e0 amb la col\u00b7laboraci\u00f3 i suport del vicedeg\u00e0 Mn. Francesc Ramis.<\/p>\n<p>Mn. Teodor Suau va n\u00e9ixer el 6 de juny de 1947 a Palma i va ser ordenat sacerdot el dia 13 de juny de l&#8217;any 1971. Biblista de formaci\u00f3, Suau va prendre possessi\u00f3 de canonge el 23 de desembre de 2002, i dins del Cap\u00edtol, ha exercit els c\u00e0rrecs de vicepresident i prefecte de lit\u00fargia, a m\u00e9s de director de la Resid\u00e8ncia Sacerdotal de Sant Pere i Sant Bernat.<\/p>\n","protected":false},"excerpt":{"rendered":"<p>Durant el mat\u00ed d&#8217;avui, el Cap\u00edtol Catedral s&#8217;ha reunit per a triar al nou deg\u00e0 i vicedeg\u00e0 de la Catedral de Mallorca. Mn. Teodor Suau seguir\u00e0 al capdavant del Cap\u00edtol de canonges que regeixen el primer temple de la di\u00f2cesi. El Cap\u00edtol ha celebrat una reuni\u00f3 en la qual ha estat reelegit com a deg\u00e0 [&hellip;]<\/p>\n","protected":false},"author":2,"featured_media":3284,"comment_status":"closed","ping_status":"closed","sticky":false,"template":"","format":"standard","meta":{"_et_pb_use_builder":"","_et_pb_old_content":"","_et_gb_content_width":"","footnotes":""},"categories":[43],"tags":[],"class_list":["post-3370","post","type-post","status-publish","format-standard","has-post-thumbnail","hentry","category-noticies"],"_links":{"self":[{"href":"https:\/\/catedraldemallorca.org\/ca\/wp-json\/wp\/v2\/posts\/3370","targetHints":{"allow":["GET"]}}],"collection":[{"href":"https:\/\/catedraldemallorca.org\/ca\/wp-json\/wp\/v2\/posts"}],"about":[{"href":"https:\/\/catedraldemallorca.org\/ca\/wp-json\/wp\/v2\/types\/post"}],"author":[{"embeddable":true,"href":"https:\/\/catedraldemallorca.org\/ca\/wp-json\/wp\/v2\/users\/2"}],"replies":[{"embeddable":true,"href":"https:\/\/catedraldemallorca.org\/ca\/wp-json\/wp\/v2\/comments?post=3370"}],"version-history":[{"count":0,"href":"https:\/\/catedraldemallorca.org\/ca\/wp-json\/wp\/v2\/posts\/3370\/revisions"}],"wp:featuredmedia":[{"embeddable":true,"href":"https:\/\/catedraldemallorca.org\/ca\/wp-json\/wp\/v2\/media\/3284"}],"wp:attachment":[{"href":"https:\/\/catedraldemallorca.org\/ca\/wp-json\/wp\/v2\/media?parent=3370"}],"wp:term":[{"taxonomy":"category","embeddable":true,"href":"https:\/\/catedraldemallorca.org\/ca\/wp-json\/wp\/v2\/categories?post=3370"},{"taxonomy":"post_tag","embeddable":true,"href":"https:\/\/catedraldemallorca.org\/ca\/wp-json\/wp\/v2\/tags?post=3370"}],"curies":[{"name":"wp","href":"https:\/\/api.w.org\/{rel}","templated":true}]}}