{"id":3371,"date":"2021-11-12T10:54:17","date_gmt":"2021-11-12T10:54:17","guid":{"rendered":"https:\/\/catedraldemallorca.org\/noticies\/noticies-2021\/la-seu-organitza-la-4a-edicio-de-lexposicio-tu-ets-lartista\/"},"modified":"2021-11-12T10:54:17","modified_gmt":"2021-11-12T10:54:17","slug":"la-seu-organitza-la-4a-edicio-de-lexposicio-tu-ets-lartista","status":"publish","type":"post","link":"https:\/\/catedraldemallorca.org\/ca\/noticies\/la-seu-organitza-la-4a-edicio-de-lexposicio-tu-ets-lartista\/","title":{"rendered":"La Seu organitza la 4a edici\u00f3 de l&#8217;exposici\u00f3 \u00abTu ets l&#8217;Artista\u00bb"},"content":{"rendered":"<p><em>La Seu celebrar\u00e0 el dissabte 18 de desembre a les 11.00 h la 4a Edici\u00f3 de l&#8217;exposici\u00f3 infantil de Nadal \u00abTu ets l&#8217;artista!\u00bb. Despr\u00e9s de l&#8217;\u00e8xit dels anys anteriors, en qu\u00e8 s&#8217;exposaren m\u00e9s de 1.600 dibuixos, la Catedral ha continuat amb la iniciativa i enguany torna a cercar petits artistes.<\/em><\/p>\n<p>Els infants s\u00f3n un dels p\u00fablics que en els darrers anys ha tingut m\u00e9s pres\u00e8ncia a la Seu a trav\u00e9s de les activitats did\u00e0ctiques que el Cap\u00edtol ofereix i que tenen per objectiu fer-los part\u00edcips de la vida del temple, convertint-lo a m\u00e9s de lloc de culte en una font de dinamitzaci\u00f3 i un espai d&#8217;aprenentatge.<\/p>\n<p>Seguint aquesta l\u00ednia, la Seu convoca la quarta edici\u00f3 de l&#8217;exposici\u00f3 infantil Tu ets l&#8217;Artista. Els participants realitzaran un dibuix en una cartolina A3 amb la t\u00e8cnica o material que considerin m\u00e9s adient representant un betlem. Els dibuixos es poden fer individualment, per parelles o en grup i s&#8217;hauran d&#8217;identificar en la part de davant amb nom, sense llinatge i edat o curs i en la part de darrere amb nom i llinatge, centre i classe, si escau.<\/p>\n<p>La data l\u00edmit per a la inscripci\u00f3 a l&#8217;exposici\u00f3 \u00e9s el 19 de novembre. Les places s\u00f3n limitades. Els interessats en participar poden enviar un correu a <a href=\"mailto:visitas@catedralde-mallorca.org.\">visitas@catedralde-mallorca.org.<\/a> Una vegada que els petits artistes tinguin les seves obres, les faran arribar a les oficines del Cap\u00edtol, C\/Capiscolat, 2n 1r de dilluns a divendres de 9.00 a 13.00 h o a la recepci\u00f3 del Museu d&#8217;Art Sacre de Mallorca, C\/Mirador, 5 de dilluns a divendres de 10.00 a 13.00 h i abans del 3 de desembre.<\/p>\n<p>L&#8217;exposici\u00f3 s&#8217;inaugurar\u00e0 el dissabte 18 de desembre a les 11:00\u202fh. Estan convidats tots els infants, familiars i professors. Durant l&#8217;acte, l&#8217;Escolania de Vermells cantar\u00e0 unes nadales i es lliurar\u00e0 un diploma i un petit obsequi a tots els infants participants.<\/p>\n","protected":false},"excerpt":{"rendered":"<p>La Seu celebrar\u00e0 el dissabte 18 de desembre a les 11.00 h la 4a Edici\u00f3 de l&#8217;exposici\u00f3 infantil de Nadal \u00abTu ets l&#8217;artista!\u00bb. Despr\u00e9s de l&#8217;\u00e8xit dels anys anteriors, en qu\u00e8 s&#8217;exposaren m\u00e9s de 1.600 dibuixos, la Catedral ha continuat amb la iniciativa i enguany torna a cercar petits artistes. Els infants s\u00f3n un dels [&hellip;]<\/p>\n","protected":false},"author":2,"featured_media":3287,"comment_status":"closed","ping_status":"closed","sticky":false,"template":"","format":"standard","meta":{"_et_pb_use_builder":"","_et_pb_old_content":"","_et_gb_content_width":"","footnotes":""},"categories":[43],"tags":[],"class_list":["post-3371","post","type-post","status-publish","format-standard","has-post-thumbnail","hentry","category-noticies"],"_links":{"self":[{"href":"https:\/\/catedraldemallorca.org\/ca\/wp-json\/wp\/v2\/posts\/3371","targetHints":{"allow":["GET"]}}],"collection":[{"href":"https:\/\/catedraldemallorca.org\/ca\/wp-json\/wp\/v2\/posts"}],"about":[{"href":"https:\/\/catedraldemallorca.org\/ca\/wp-json\/wp\/v2\/types\/post"}],"author":[{"embeddable":true,"href":"https:\/\/catedraldemallorca.org\/ca\/wp-json\/wp\/v2\/users\/2"}],"replies":[{"embeddable":true,"href":"https:\/\/catedraldemallorca.org\/ca\/wp-json\/wp\/v2\/comments?post=3371"}],"version-history":[{"count":0,"href":"https:\/\/catedraldemallorca.org\/ca\/wp-json\/wp\/v2\/posts\/3371\/revisions"}],"wp:featuredmedia":[{"embeddable":true,"href":"https:\/\/catedraldemallorca.org\/ca\/wp-json\/wp\/v2\/media\/3287"}],"wp:attachment":[{"href":"https:\/\/catedraldemallorca.org\/ca\/wp-json\/wp\/v2\/media?parent=3371"}],"wp:term":[{"taxonomy":"category","embeddable":true,"href":"https:\/\/catedraldemallorca.org\/ca\/wp-json\/wp\/v2\/categories?post=3371"},{"taxonomy":"post_tag","embeddable":true,"href":"https:\/\/catedraldemallorca.org\/ca\/wp-json\/wp\/v2\/tags?post=3371"}],"curies":[{"name":"wp","href":"https:\/\/api.w.org\/{rel}","templated":true}]}}