{"id":3372,"date":"2021-11-12T10:54:57","date_gmt":"2021-11-12T10:54:57","guid":{"rendered":"https:\/\/catedraldemallorca.org\/noticies\/noticies-2021\/viu-la-festa-de-llum\/"},"modified":"2021-11-12T10:54:57","modified_gmt":"2021-11-12T10:54:57","slug":"viu-la-festa-de-llum","status":"publish","type":"post","link":"https:\/\/catedraldemallorca.org\/ca\/noticies\/viu-la-festa-de-llum\/","title":{"rendered":"Viu la Festa de Llum"},"content":{"rendered":"<p><em>El dia 11 de novembre, coincidint amb Sant Mart\u00ed, es produeix a la Seu un efecte lum\u00ednic excepcional consistent en la projecci\u00f3 crom\u00e0tica de la monumental rosassa que presideix l\u2019altar major sobre la part interna de la fa\u00e7ana principal. La Catedral de Mallorca obre les seves portes per tal que tot aquell que ho desitgi pugui viure la Festa de la Llum.<\/em><\/p>\n<p>La conjunci\u00f3 circumstancial d\u2019un seguit de fets dona com a resultat aquest fenomen singular i \u00fanic en el context de les catedrals d\u2019Europa. Les causes constructives que el fan possible s\u00f3n les seg\u00fcents:<\/p>\n<ol>\n<li>La construcci\u00f3 del temple que va definir la seva planta basilical sobre la mesquita preexistent entre els segles XIII i XVII.<\/li>\n<li>Les dimensions de la nau central associades a la ubicaci\u00f3 de la rosassa major, que es troba alineada amb aquesta i t\u00e9 un di\u00e0metre de 11,85 metres.<\/li>\n<li>La construcci\u00f3 de la fa\u00e7ana principal que es va fer en tres fases cronol\u00f2giques (segles XVI-XVII i XIX) i presenta dos frontis diferents, interior i exterior. Aquest \u00e9s un factor decisiu en la ubicaci\u00f3 actual de la seva rosassa vista des del mur interior.<\/li>\n<li>La finalitzaci\u00f3 del programa d\u2019instal\u00b7laci\u00f3 de vitralls a tots els finestrals i \u00f2culs disponibles de la Seu que va comen\u00e7ar a finals del segle XIX. La darrera fase dels vitralls \u00e9s coincident amb l\u2019adequaci\u00f3 a les prescripcions lit\u00fargiques del Concili Vatic\u00e0 II. Les condicions d\u2019entrada de llum natural a l\u2019interior del temple resten estables des de l\u2019any 2010, quan va finalitzar la restauraci\u00f3 integral de la rosassa major.<\/li>\n<\/ol>\n<p>Les portes de la Catedral s\u2018obriran a les 07:30 h per donar acc\u00e9s a tots aquells interessats que vulguin contemplar aquest fenomen. L\u2019aforament ser\u00e0 limitat i ser\u00e0 obligatori l\u2019\u00fas de mascareta en tot moment.<\/p>\n<p>Per a aquelles persones que no hi puguin assistir, la Catedral de Mallorca emetr\u00e0 aquest esdeveniment tamb\u00e9 per streaming a trav\u00e9s de la p\u00e0gina web de la Catedral i als seus perfils oficials de Facebook i YouTube.<\/p>\n<p>D\u2019altra banda, el Cap\u00edtol convida a tots els mitjans de comunicaci\u00f3 que hi vulguin assistir, amb l\u2019opci\u00f3 de poder accedir a la Capella Reial per tal de poder captar millor el fenomen. A m\u00e9s, la coordinadora del Departament de Cultura es posar\u00e0 a la seva disposici\u00f3 per ser entrevistada i podr\u00e0 respondre a totes les preguntes que puguin plantejar-se.<\/p>\n","protected":false},"excerpt":{"rendered":"<p>El dia 11 de novembre, coincidint amb Sant Mart\u00ed, es produeix a la Seu un efecte lum\u00ednic excepcional consistent en la projecci\u00f3 crom\u00e0tica de la monumental rosassa que presideix l\u2019altar major sobre la part interna de la fa\u00e7ana principal. La Catedral de Mallorca obre les seves portes per tal que tot aquell que ho desitgi [&hellip;]<\/p>\n","protected":false},"author":2,"featured_media":3290,"comment_status":"closed","ping_status":"closed","sticky":false,"template":"","format":"standard","meta":{"_et_pb_use_builder":"","_et_pb_old_content":"","_et_gb_content_width":"","footnotes":""},"categories":[43],"tags":[],"class_list":["post-3372","post","type-post","status-publish","format-standard","has-post-thumbnail","hentry","category-noticies"],"_links":{"self":[{"href":"https:\/\/catedraldemallorca.org\/ca\/wp-json\/wp\/v2\/posts\/3372","targetHints":{"allow":["GET"]}}],"collection":[{"href":"https:\/\/catedraldemallorca.org\/ca\/wp-json\/wp\/v2\/posts"}],"about":[{"href":"https:\/\/catedraldemallorca.org\/ca\/wp-json\/wp\/v2\/types\/post"}],"author":[{"embeddable":true,"href":"https:\/\/catedraldemallorca.org\/ca\/wp-json\/wp\/v2\/users\/2"}],"replies":[{"embeddable":true,"href":"https:\/\/catedraldemallorca.org\/ca\/wp-json\/wp\/v2\/comments?post=3372"}],"version-history":[{"count":0,"href":"https:\/\/catedraldemallorca.org\/ca\/wp-json\/wp\/v2\/posts\/3372\/revisions"}],"wp:featuredmedia":[{"embeddable":true,"href":"https:\/\/catedraldemallorca.org\/ca\/wp-json\/wp\/v2\/media\/3290"}],"wp:attachment":[{"href":"https:\/\/catedraldemallorca.org\/ca\/wp-json\/wp\/v2\/media?parent=3372"}],"wp:term":[{"taxonomy":"category","embeddable":true,"href":"https:\/\/catedraldemallorca.org\/ca\/wp-json\/wp\/v2\/categories?post=3372"},{"taxonomy":"post_tag","embeddable":true,"href":"https:\/\/catedraldemallorca.org\/ca\/wp-json\/wp\/v2\/tags?post=3372"}],"curies":[{"name":"wp","href":"https:\/\/api.w.org\/{rel}","templated":true}]}}