{"id":5320,"date":"2022-01-07T12:32:45","date_gmt":"2022-01-07T11:32:45","guid":{"rendered":"https:\/\/catedraldemallorca.org\/noticies\/lescolania-dels-vermells-i-el-blauets-suneixen-per-a-cantar-en-el-primer-diumenge-dadvent\/"},"modified":"2022-01-07T12:32:45","modified_gmt":"2022-01-07T11:32:45","slug":"lescolania-dels-vermells-i-el-blauets-suneixen-per-a-cantar-en-el-primer-diumenge-dadvent","status":"publish","type":"post","link":"https:\/\/catedraldemallorca.org\/ca\/noticies\/lescolania-dels-vermells-i-el-blauets-suneixen-per-a-cantar-en-el-primer-diumenge-dadvent\/","title":{"rendered":"L&#8217;Escolania dels Vermells i el Blauets s&#8217;uneixen per a cantar en el primer diumenge d&#8217;Advent"},"content":{"rendered":"<p>L&#8217;Escolania dels Vermells de la Seu i Escolania dels Blauets de Lluc, han cantat, aquest passat diumenge, de manera conjunta amb motiu del primer diumenge d&#8217;Advent. Durant la missa de les 11:00 h al Santuari de Lluc, les dues formacions varen cantar sota la direcci\u00f3 de Pilar Noguera i Ricard Terrades. Aquest ha estat un fet hist\u00f2ric, ja que va ser la primera vegada que l&#8217;Escolania dels Vermells puja a Lluc a cantar juntament amb els Blauets.<\/p>\n<p>L&#8217;Escolania neix en el segle XIV i des de llavors ha tingut diverses fases. L&#8217;\u00faltima etapa va comen\u00e7ar al desembre de l&#8217;any 2000. Va ser una iniciativa del Cap\u00edtol de la Catedral de Mallorca, a partir de la proposta del Canonge Mn. Sebasti\u00e0 Arrom i Coll i sota la direcci\u00f3 d&#8217;Antoni J. Salv\u00e0. Al llarg d&#8217;aquestes dues d\u00e8cades, \u00abEls Vermells de la Seu\u00bb han portat les seves veus angelicals per tota Mallorca, aix\u00ed com per fora de l&#8217;illa, participant en trobades corals i festivals internacionals. Actualment, l&#8217;Escolania est\u00e0 formada per 29 cantors (entre 9 i 15 anys), dirigits sota la batuta de la directora Pilar Noguera. Participen en l&#8217;Eucaristia de la Seu dominical una vegada cada mes i en qualsevol altra activitat que es proposi.<\/p>\n","protected":false},"excerpt":{"rendered":"<p>L&#8217;Escolania dels Vermells de la Seu i Escolania dels Blauets de Lluc, han cantat, aquest passat diumenge, de manera conjunta amb motiu del primer diumenge d&#8217;Advent. Durant la missa de les 11:00 h al Santuari de Lluc, les dues formacions varen cantar sota la direcci\u00f3 de Pilar Noguera i Ricard Terrades. Aquest ha estat un [&hellip;]<\/p>\n","protected":false},"author":2,"featured_media":5247,"comment_status":"closed","ping_status":"closed","sticky":false,"template":"","format":"standard","meta":{"_et_pb_use_builder":"","_et_pb_old_content":"","_et_gb_content_width":"","footnotes":""},"categories":[43],"tags":[],"class_list":["post-5320","post","type-post","status-publish","format-standard","has-post-thumbnail","hentry","category-noticies"],"_links":{"self":[{"href":"https:\/\/catedraldemallorca.org\/ca\/wp-json\/wp\/v2\/posts\/5320","targetHints":{"allow":["GET"]}}],"collection":[{"href":"https:\/\/catedraldemallorca.org\/ca\/wp-json\/wp\/v2\/posts"}],"about":[{"href":"https:\/\/catedraldemallorca.org\/ca\/wp-json\/wp\/v2\/types\/post"}],"author":[{"embeddable":true,"href":"https:\/\/catedraldemallorca.org\/ca\/wp-json\/wp\/v2\/users\/2"}],"replies":[{"embeddable":true,"href":"https:\/\/catedraldemallorca.org\/ca\/wp-json\/wp\/v2\/comments?post=5320"}],"version-history":[{"count":0,"href":"https:\/\/catedraldemallorca.org\/ca\/wp-json\/wp\/v2\/posts\/5320\/revisions"}],"wp:featuredmedia":[{"embeddable":true,"href":"https:\/\/catedraldemallorca.org\/ca\/wp-json\/wp\/v2\/media\/5247"}],"wp:attachment":[{"href":"https:\/\/catedraldemallorca.org\/ca\/wp-json\/wp\/v2\/media?parent=5320"}],"wp:term":[{"taxonomy":"category","embeddable":true,"href":"https:\/\/catedraldemallorca.org\/ca\/wp-json\/wp\/v2\/categories?post=5320"},{"taxonomy":"post_tag","embeddable":true,"href":"https:\/\/catedraldemallorca.org\/ca\/wp-json\/wp\/v2\/tags?post=5320"}],"curies":[{"name":"wp","href":"https:\/\/api.w.org\/{rel}","templated":true}]}}