{"id":5321,"date":"2022-01-07T12:32:55","date_gmt":"2022-01-07T11:32:55","guid":{"rendered":"https:\/\/catedraldemallorca.org\/noticies\/aina-verdera-posara-veu-al-cant-de-la-sibilla-a-la-seu-de-mallorca\/"},"modified":"2022-01-07T12:32:55","modified_gmt":"2022-01-07T11:32:55","slug":"aina-verdera-posara-veu-al-cant-de-la-sibilla-a-la-seu-de-mallorca","status":"publish","type":"post","link":"https:\/\/catedraldemallorca.org\/ca\/noticies\/aina-verdera-posara-veu-al-cant-de-la-sibilla-a-la-seu-de-mallorca\/","title":{"rendered":"Aina Verdera posar\u00e0 veu al Cant de la Sibil\u00b7la a la Seu de Mallorca"},"content":{"rendered":"<p>La Seu acollir\u00e0 a les 23.00 h del 24 de desembre, nit de Matines, la tradicional interpretaci\u00f3 d&#8217;aquest cant religi\u00f3s, considerat Patrimoni Immaterial de la Humanitat per la UNESCO des de 2010.<\/p>\n<p>Cada ciutat, poble o comunitat compta amb les seves pr\u00f2pies tradicions nadalenques. A Mallorca, aquest privilegi li correspon al Cant de la Sibil\u00b7la i a la seva interpretaci\u00f3 en la Seu durant la nit de Matines, a les 23.00 del 24 de desembre.<\/p>\n<p>La sibil\u00b7la \u00e9s una de les majors i m\u00e9s longeves tradicions religioses que existeixen a Mallorca. Aquest cant sobre el Judici Final s&#8217;interpreta des de fa segles a la nit de Matines. \u00c9s un ritu que es duu a terme a les esgl\u00e9sies, per\u00f2 poques d&#8217;aquestes interpretacions guarden tanta rellev\u00e0ncia com la que es realitza a la Catedral.<\/p>\n<p>Aquest 2021, els assistents podran sentir el Cant de la Sibil\u00b7la de la veu de l&#8217;esmentada Aina Verdera, cantant i directora de la Coral Polif\u00f2nica de Bunyola. La celebraci\u00f3 estar\u00e0 presidida pel bisbe de Mallorca, Mons. Sebasti\u00e0 Taltavull, i Pedro Tom\u00e0s, de l\u2019Escolania dels Vermells, oferir\u00e0 el serm\u00f3 de la Calenda.<\/p>\n<p>Hist\u00f2ria de la sibil\u00b7la<\/p>\n<p>El pes cultural i hist\u00f2ric del Cant de la Sibil\u00b7la \u00e9s enorme. Aquest poema que procedeix del m\u00f3n cl\u00e0ssic es comen\u00e7a a interpretar amb melodia gregoriana a partir de l&#8217;Edat Mitjana. No obstant aix\u00f2, el Concili de Trento va acabar amb la majoria de les seves representacions. Aix\u00ed, la sibil\u00b7la nom\u00e9s va sobreviure en dos punts concrets del Mediterrani: a L&#8217;Alguer, ciutat del nord-oest de Sardenya i a Mallorca.<\/p>\n<p>El Cant de la Sibil\u00b7la va ser declarat Patrimoni Immaterial de la Humanitat per la UNESCO el 16 de novembre de 2010.<\/p>\n","protected":false},"excerpt":{"rendered":"<p>La Seu acollir\u00e0 a les 23.00 h del 24 de desembre, nit de Matines, la tradicional interpretaci\u00f3 d&#8217;aquest cant religi\u00f3s, considerat Patrimoni Immaterial de la Humanitat per la UNESCO des de 2010. Cada ciutat, poble o comunitat compta amb les seves pr\u00f2pies tradicions nadalenques. A Mallorca, aquest privilegi li correspon al Cant de la Sibil\u00b7la [&hellip;]<\/p>\n","protected":false},"author":2,"featured_media":5254,"comment_status":"closed","ping_status":"closed","sticky":false,"template":"","format":"standard","meta":{"_et_pb_use_builder":"","_et_pb_old_content":"","_et_gb_content_width":"","footnotes":""},"categories":[43],"tags":[],"class_list":["post-5321","post","type-post","status-publish","format-standard","has-post-thumbnail","hentry","category-noticies"],"_links":{"self":[{"href":"https:\/\/catedraldemallorca.org\/ca\/wp-json\/wp\/v2\/posts\/5321","targetHints":{"allow":["GET"]}}],"collection":[{"href":"https:\/\/catedraldemallorca.org\/ca\/wp-json\/wp\/v2\/posts"}],"about":[{"href":"https:\/\/catedraldemallorca.org\/ca\/wp-json\/wp\/v2\/types\/post"}],"author":[{"embeddable":true,"href":"https:\/\/catedraldemallorca.org\/ca\/wp-json\/wp\/v2\/users\/2"}],"replies":[{"embeddable":true,"href":"https:\/\/catedraldemallorca.org\/ca\/wp-json\/wp\/v2\/comments?post=5321"}],"version-history":[{"count":0,"href":"https:\/\/catedraldemallorca.org\/ca\/wp-json\/wp\/v2\/posts\/5321\/revisions"}],"wp:featuredmedia":[{"embeddable":true,"href":"https:\/\/catedraldemallorca.org\/ca\/wp-json\/wp\/v2\/media\/5254"}],"wp:attachment":[{"href":"https:\/\/catedraldemallorca.org\/ca\/wp-json\/wp\/v2\/media?parent=5321"}],"wp:term":[{"taxonomy":"category","embeddable":true,"href":"https:\/\/catedraldemallorca.org\/ca\/wp-json\/wp\/v2\/categories?post=5321"},{"taxonomy":"post_tag","embeddable":true,"href":"https:\/\/catedraldemallorca.org\/ca\/wp-json\/wp\/v2\/tags?post=5321"}],"curies":[{"name":"wp","href":"https:\/\/api.w.org\/{rel}","templated":true}]}}