{"id":5322,"date":"2022-01-07T12:33:26","date_gmt":"2022-01-07T11:33:26","guid":{"rendered":"https:\/\/catedraldemallorca.org\/noticies\/presa-de-possessio-de-dos-nous-canonges\/"},"modified":"2022-01-07T12:33:26","modified_gmt":"2022-01-07T11:33:26","slug":"presa-de-possessio-de-dos-nous-canonges","status":"publish","type":"post","link":"https:\/\/catedraldemallorca.org\/ca\/noticies\/presa-de-possessio-de-dos-nous-canonges\/","title":{"rendered":"Presa de possessi\u00f3 de dos nous canonges"},"content":{"rendered":"<p>El bisbe de Mallorca, presidir\u00e0 l&#8217;acte de presa de possessi\u00f3 de Mons. Josep Adrover i Mn. Antoni Dols que iniciaran el seu ministeri en la Catedral el pr\u00f2xim 15 de desembre a les 19:00h.<\/p>\n<p>Mons. Josep Adrover Vallbona va ser ordenat en 1996. \u00c9s llicenciat en Dret Can\u00f2nic per la Universitat Gregoriana de Roma, i actualment \u00e9s, entre altres c\u00e0rrecs diocesans, el Vicari General de la Di\u00f2cesi, que compagina amb rector de les parr\u00f2quies de Sencelles, Constitx i Biniali. \u00c9s jutge del tribunal eclesi\u00e0stic i professor del CETEM i de l\u2019ISUCIR.<\/p>\n<p>Mn. Antoni Jes\u00fas Dols Salas va ser ordenat en 1989. \u00c9s llicenciat en Teologia Dogm\u00e0tica per la Universitat Gregoriana de Roma i \u00e9s Doctor per la Facultat de Teologia de Catalunya. Actualment \u00e9s, entre altres c\u00e0rrecs diocesans, el rector de la Parr\u00f2quia de Santa Eulalia de Palma, director del Centre d&#8217;Estudis Teol\u00f2gics de Mallorca (CETEM) i arxipreste de Palma-Ponent.<\/p>\n<p>Varen ser nomenats pel bisbe de la di\u00f2cesi el passat 6 de novembre, i durant la celebraci\u00f3 que tindr\u00e0 lloc el dia 15 seran acollits per la resta del Cap\u00edtol en una celebraci\u00f3 presidida pel prelat. Amb aquestes noves incorporacions, el Cap\u00edtol de la Catedral de Mallorca comptar\u00e0 amb deu canonges en actiu.<\/p>\n<p>Els or\u00edgens hist\u00f2rics del Cabildo Catedral de Mallorca es remunten als mateixos inicis de la restauraci\u00f3 de l&#8217;Esgl\u00e9sia a Mallorca. L&#8217;any 1240 el papa Gregori IX va autoritzar el primer bisbe de Mallorca, Ramon de Torrella, perqu\u00e8 institu\u00eds el cap\u00edtol amb canonges i dignitats.<\/p>\n<p>Des d&#8217;aleshores, ha esdevingut el col\u00b7legi de sacerdots al qual correspon celebrar amb solemnitat el culte lit\u00fargic i acomplir, alhora, els oficis que pel Dret o pel Bisbe dioces\u00e0 li siguin encomanats. Una de les principals funcions \u00e9s promoure la Catedral com a seu del magisteri del Bisbe, pastor de l&#8217;Esgl\u00e9sia de Mallorca, i com a signe de la unitat en la fe dels creients mallorquins, i fer de la Catedral centre de la vida lit\u00fargica de la Di\u00f2cesi.<\/p>\n","protected":false},"excerpt":{"rendered":"<p>El bisbe de Mallorca, presidir\u00e0 l&#8217;acte de presa de possessi\u00f3 de Mons. Josep Adrover i Mn. Antoni Dols que iniciaran el seu ministeri en la Catedral el pr\u00f2xim 15 de desembre a les 19:00h. Mons. Josep Adrover Vallbona va ser ordenat en 1996. \u00c9s llicenciat en Dret Can\u00f2nic per la Universitat Gregoriana de Roma, i [&hellip;]<\/p>\n","protected":false},"author":2,"featured_media":5259,"comment_status":"closed","ping_status":"closed","sticky":false,"template":"","format":"standard","meta":{"_et_pb_use_builder":"","_et_pb_old_content":"","_et_gb_content_width":"","footnotes":""},"categories":[43],"tags":[],"class_list":["post-5322","post","type-post","status-publish","format-standard","has-post-thumbnail","hentry","category-noticies"],"_links":{"self":[{"href":"https:\/\/catedraldemallorca.org\/ca\/wp-json\/wp\/v2\/posts\/5322","targetHints":{"allow":["GET"]}}],"collection":[{"href":"https:\/\/catedraldemallorca.org\/ca\/wp-json\/wp\/v2\/posts"}],"about":[{"href":"https:\/\/catedraldemallorca.org\/ca\/wp-json\/wp\/v2\/types\/post"}],"author":[{"embeddable":true,"href":"https:\/\/catedraldemallorca.org\/ca\/wp-json\/wp\/v2\/users\/2"}],"replies":[{"embeddable":true,"href":"https:\/\/catedraldemallorca.org\/ca\/wp-json\/wp\/v2\/comments?post=5322"}],"version-history":[{"count":0,"href":"https:\/\/catedraldemallorca.org\/ca\/wp-json\/wp\/v2\/posts\/5322\/revisions"}],"wp:featuredmedia":[{"embeddable":true,"href":"https:\/\/catedraldemallorca.org\/ca\/wp-json\/wp\/v2\/media\/5259"}],"wp:attachment":[{"href":"https:\/\/catedraldemallorca.org\/ca\/wp-json\/wp\/v2\/media?parent=5322"}],"wp:term":[{"taxonomy":"category","embeddable":true,"href":"https:\/\/catedraldemallorca.org\/ca\/wp-json\/wp\/v2\/categories?post=5322"},{"taxonomy":"post_tag","embeddable":true,"href":"https:\/\/catedraldemallorca.org\/ca\/wp-json\/wp\/v2\/tags?post=5322"}],"curies":[{"name":"wp","href":"https:\/\/api.w.org\/{rel}","templated":true}]}}