{"id":5323,"date":"2022-01-07T12:33:51","date_gmt":"2022-01-07T11:33:51","guid":{"rendered":"https:\/\/catedraldemallorca.org\/noticies\/informacio-important-tu-ets-lartista\/"},"modified":"2022-02-04T12:53:57","modified_gmt":"2022-02-04T11:53:57","slug":"informacio-important-tu-ets-lartista","status":"publish","type":"post","link":"https:\/\/catedraldemallorca.org\/ca\/noticies\/informacio-important-tu-ets-lartista\/","title":{"rendered":"Informaci\u00f3 important: Tu ets l&#8217;Artista"},"content":{"rendered":"<p>Degut a la situaci\u00f3 sociosanit\u00e0ria actual provocada per la Covid-19, el Cap\u00edtol Catedral de Mallorca ha decidit cancel\u00b7lar l\u2019acte de presentaci\u00f3 de l\u2019Exposici\u00f3 Infantil de Nadal \u201cTu ets l\u2019artista\u201d previst per a aquest dissabte 18 de desembre. En el seu lloc, es realitzar\u00e0 una jornada de portes obertes a la Catedral de 10 a 13 h perqu\u00e8 tots els infants participants, familiars, amics i professors puguin veure els dibuixos exposats al Temple. A m\u00e9s, s\u2019entregar\u00e0 un diploma i un petit obsequi a tots els participants.<\/p>\n<p>Volem aprofitar per agrair la participaci\u00f3 en aquesta exposici\u00f3 que el dissabte celebrar\u00e0 la seva 4\u00ba edici\u00f3. Gr\u00e0cies a l&#8217;inter\u00e8s la Catedral lluir\u00e0 plena de Betlems, donant aix\u00ed la benvinguda a les festes de Nadal. S\u2019exposaran al voltant de 600 dibuixos realitzats per m\u00e9s de 700 nins. Els artistes han fet els seus dibuixos de forma individual, per parelles o en grup i han imaginat la seva pr\u00f2pia versi\u00f3 del Naixement de Jes\u00fas. Animem a venir a veure aquesta exposici\u00f3 en la que els nins i la il\u00b7lusi\u00f3 per l\u2019arribada del Nadal s\u00f3n els protagonistes!<\/p>\n<p>Tamb\u00e9 transmetem el desig de tot l\u2019equip de la Catedral de seguir repetint any rere any aquesta iniciativa que ja s\u2019ha convertit en una tradici\u00f3 nadalenca molt estimada per tots nosaltres.<\/p>\n","protected":false},"excerpt":{"rendered":"<p>Degut a la situaci\u00f3 sociosanit\u00e0ria actual provocada per la Covid-19, el Cap\u00edtol Catedral de Mallorca ha decidit cancel\u00b7lar l\u2019acte de presentaci\u00f3 de l\u2019Exposici\u00f3 Infantil de Nadal \u201cTu ets l\u2019artista\u201d previst per a aquest dissabte 18 de desembre. En el seu lloc, es realitzar\u00e0 una jornada de portes obertes a la Catedral de 10 a 13 [&hellip;]<\/p>\n","protected":false},"author":2,"featured_media":5264,"comment_status":"closed","ping_status":"closed","sticky":false,"template":"","format":"standard","meta":{"_et_pb_use_builder":"off","_et_pb_old_content":"","_et_gb_content_width":"","footnotes":""},"categories":[43],"tags":[],"class_list":["post-5323","post","type-post","status-publish","format-standard","has-post-thumbnail","hentry","category-noticies"],"_links":{"self":[{"href":"https:\/\/catedraldemallorca.org\/ca\/wp-json\/wp\/v2\/posts\/5323","targetHints":{"allow":["GET"]}}],"collection":[{"href":"https:\/\/catedraldemallorca.org\/ca\/wp-json\/wp\/v2\/posts"}],"about":[{"href":"https:\/\/catedraldemallorca.org\/ca\/wp-json\/wp\/v2\/types\/post"}],"author":[{"embeddable":true,"href":"https:\/\/catedraldemallorca.org\/ca\/wp-json\/wp\/v2\/users\/2"}],"replies":[{"embeddable":true,"href":"https:\/\/catedraldemallorca.org\/ca\/wp-json\/wp\/v2\/comments?post=5323"}],"version-history":[{"count":1,"href":"https:\/\/catedraldemallorca.org\/ca\/wp-json\/wp\/v2\/posts\/5323\/revisions"}],"predecessor-version":[{"id":5959,"href":"https:\/\/catedraldemallorca.org\/ca\/wp-json\/wp\/v2\/posts\/5323\/revisions\/5959"}],"wp:featuredmedia":[{"embeddable":true,"href":"https:\/\/catedraldemallorca.org\/ca\/wp-json\/wp\/v2\/media\/5264"}],"wp:attachment":[{"href":"https:\/\/catedraldemallorca.org\/ca\/wp-json\/wp\/v2\/media?parent=5323"}],"wp:term":[{"taxonomy":"category","embeddable":true,"href":"https:\/\/catedraldemallorca.org\/ca\/wp-json\/wp\/v2\/categories?post=5323"},{"taxonomy":"post_tag","embeddable":true,"href":"https:\/\/catedraldemallorca.org\/ca\/wp-json\/wp\/v2\/tags?post=5323"}],"curies":[{"name":"wp","href":"https:\/\/api.w.org\/{rel}","templated":true}]}}