{"id":6352,"date":"2022-01-26T11:51:54","date_gmt":"2022-01-26T10:51:54","guid":{"rendered":"https:\/\/catedraldemallorca.org\/noticies\/dos-dels-vitralls-que-antoni-gaudi-va-dissenya-per-a-la-catedral-de-mallorca-sexposaran-en-el-musee-dorsay-de-paris\/"},"modified":"2022-03-02T11:59:11","modified_gmt":"2022-03-02T10:59:11","slug":"dos-dels-vitralls-que-antoni-gaudi-va-dissenya-per-a-la-catedral-de-mallorca-sexposaran-en-el-musee-dorsay-de-paris","status":"publish","type":"post","link":"https:\/\/catedraldemallorca.org\/ca\/noticies\/dos-dels-vitralls-que-antoni-gaudi-va-dissenya-per-a-la-catedral-de-mallorca-sexposaran-en-el-musee-dorsay-de-paris\/","title":{"rendered":"Dos dels vitralls que Antoni Gaud\u00ed va disseny\u00e0 per a la Catedral de Mallorca s&#8217;exposaran en el Muse\u00e9 d&#8217;Orsay de Par\u00eds"},"content":{"rendered":"<p><em>Abans del seu transport des del Museu d&#8217;Art Sacre de Mallorca, els vitralls hauran de rebre una intervenci\u00f3 de consolidaci\u00f3 de les seves parts m\u00e9s danyades, proc\u00e9s que ser\u00e0 finan\u00e7at pel museu franc\u00e8s.<\/em><\/p>\n<p>L&#8217;arquitecte catal\u00e0 Antoni Gaud\u00ed va protagonitzar al comen\u00e7ament del segle XX una de les intervencions m\u00e9s importants en la hist\u00f2ria de la Catedral. La seva petjada es va deixar notar en mobles, en l&#8217;exterior i interior de la Seu, i tamb\u00e9 en la seva il\u00b7luminaci\u00f3 mitjan\u00e7ant vitralls. Dos dels vitralls dissenyats per Gaud\u00ed, que descansen en el Museu d&#8217;Art Sacre de Mallorca, s&#8217;exposaran en el Muse\u00e9 d&#8217;Orsay de Par\u00eds entre abril i juliol de 2022.<\/p>\n<p>Els vitralls formaran part d&#8217;una exhibici\u00f3 sobre Antoni Gaud\u00ed que estan duent a terme, de manera conjunta, el Museu Nacional d&#8217;Art de Catalunya i el Muse\u00e9 d&#8217;Orsay parisenc. Abans del seu pr\u00e9stec, tots dos exemplars hauran de rebre una intervenci\u00f3 de consolidaci\u00f3 que finan\u00e7ar\u00e0 el museu franc\u00e8s, aquest pr\u00f2xim divendres viatjaran a Barcelona per comen\u00e7ar el proc\u00e9s de restauraci\u00f3.<\/p>\n<p>Les dues vidrieres formaven part d&#8217;una petici\u00f3 conjunta per part dels museus, per al pr\u00e9stec d&#8217;unes certes obres d&#8217;Antoni Gaud\u00ed que la Catedral de Mallorca t\u00e9 en propietat, producte de la seva intervenci\u00f3 de comen\u00e7aments del segle XX. La Catedral va realitzar una selecci\u00f3 entre les obres sol\u00b7licitades, valorant l&#8217;estat de conservaci\u00f3 i l&#8217;\u00fas lit\u00fargic que tenen aquestes peces. I aix\u00ed, per exemple, exemplars com el tintinacle i el conopeu de la Seu no podran sortir pel fet que s&#8217;utilitzen en la celebraci\u00f3 del Corpus.<\/p>\n<p>En el cas dels vitralls, la Catedral va ser reticent inicialment al seu pr\u00e9stec degut els seus problemes de conservaci\u00f3, que podrien veure&#8217;s agreujats en el trasllat. No obstant aix\u00f2, donat l&#8217;inter\u00e8s espec\u00edfic del Mus\u00e9e d&#8217;Orsay en les vidrieres, ser\u00e0 el centre franc\u00e8s el que financi la intervenci\u00f3 de consolidaci\u00f3 necess\u00e0ria en els panells m\u00e9s danyats, necess\u00e0ria perqu\u00e8 les dues vidrieres puguin viatjar.<\/p>\n<p>L&#8217;obra de consolidaci\u00f3 puntual ser\u00e0 a c\u00e0rrec del barcelon\u00ed Jordi Bonet, de Vitralls Bonet, artes\u00e0 que ja ha col\u00b7laborat amb la Seu en nombroses ocasions. L&#8217;exposici\u00f3 del Mus\u00e9e d&#8217;Orsay en la qual es mostraran els vitralls de Gaud\u00ed comen\u00e7ar\u00e0 el 12 d&#8217;abril i finalitzar\u00e0 el 17 de juliol de 2022.<\/p>\n","protected":false},"excerpt":{"rendered":"<p>Abans del seu transport des del Museu d&#8217;Art Sacre de Mallorca, els vitralls hauran de rebre una intervenci\u00f3 de consolidaci\u00f3 de les seves parts m\u00e9s danyades, proc\u00e9s que ser\u00e0 finan\u00e7at pel museu franc\u00e8s. L&#8217;arquitecte catal\u00e0 Antoni Gaud\u00ed va protagonitzar al comen\u00e7ament del segle XX una de les intervencions m\u00e9s importants en la hist\u00f2ria de la [&hellip;]<\/p>\n","protected":false},"author":2,"featured_media":6349,"comment_status":"closed","ping_status":"closed","sticky":false,"template":"","format":"standard","meta":{"_et_pb_use_builder":"","_et_pb_old_content":"","_et_gb_content_width":"","footnotes":""},"categories":[43],"tags":[],"class_list":["post-6352","post","type-post","status-publish","format-standard","has-post-thumbnail","hentry","category-noticies"],"_links":{"self":[{"href":"https:\/\/catedraldemallorca.org\/ca\/wp-json\/wp\/v2\/posts\/6352","targetHints":{"allow":["GET"]}}],"collection":[{"href":"https:\/\/catedraldemallorca.org\/ca\/wp-json\/wp\/v2\/posts"}],"about":[{"href":"https:\/\/catedraldemallorca.org\/ca\/wp-json\/wp\/v2\/types\/post"}],"author":[{"embeddable":true,"href":"https:\/\/catedraldemallorca.org\/ca\/wp-json\/wp\/v2\/users\/2"}],"replies":[{"embeddable":true,"href":"https:\/\/catedraldemallorca.org\/ca\/wp-json\/wp\/v2\/comments?post=6352"}],"version-history":[{"count":1,"href":"https:\/\/catedraldemallorca.org\/ca\/wp-json\/wp\/v2\/posts\/6352\/revisions"}],"predecessor-version":[{"id":6353,"href":"https:\/\/catedraldemallorca.org\/ca\/wp-json\/wp\/v2\/posts\/6352\/revisions\/6353"}],"wp:featuredmedia":[{"embeddable":true,"href":"https:\/\/catedraldemallorca.org\/ca\/wp-json\/wp\/v2\/media\/6349"}],"wp:attachment":[{"href":"https:\/\/catedraldemallorca.org\/ca\/wp-json\/wp\/v2\/media?parent=6352"}],"wp:term":[{"taxonomy":"category","embeddable":true,"href":"https:\/\/catedraldemallorca.org\/ca\/wp-json\/wp\/v2\/categories?post=6352"},{"taxonomy":"post_tag","embeddable":true,"href":"https:\/\/catedraldemallorca.org\/ca\/wp-json\/wp\/v2\/tags?post=6352"}],"curies":[{"name":"wp","href":"https:\/\/api.w.org\/{rel}","templated":true}]}}