{"id":6360,"date":"2022-01-28T12:05:16","date_gmt":"2022-01-28T11:05:16","guid":{"rendered":"https:\/\/catedraldemallorca.org\/noticies\/tres-conferencies-donaran-llum-sobre-els-aspectes-mes-destacats-de-la-catedral-de-mallorca-durant-els-primers-mesos-de-2022\/"},"modified":"2022-03-02T12:06:41","modified_gmt":"2022-03-02T11:06:41","slug":"tres-conferencies-donaran-llum-sobre-els-aspectes-mes-destacats-de-la-catedral-de-mallorca-durant-els-primers-mesos-de-2022","status":"publish","type":"post","link":"https:\/\/catedraldemallorca.org\/ca\/noticies\/tres-conferencies-donaran-llum-sobre-els-aspectes-mes-destacats-de-la-catedral-de-mallorca-durant-els-primers-mesos-de-2022\/","title":{"rendered":"Tres confer\u00e8ncies donaran llum sobre els aspectes m\u00e9s destacats de la Catedral de Mallorca durant els primers mesos de 2022"},"content":{"rendered":"<p><em>La Festa de la Llum, la pintura g\u00f2tica del Museu d\u2019Art Sacre i la reforma de la capella del Sant\u00edssim duta a terme per Miquel Barcel\u00f3, seran els punts a tractar en cadascuna d&#8217;aquestes taules rodones, que tindran lloc entre febrer i abril de 2022.<\/em><\/p>\n<p>La Catedral en col\u00b7laboraci\u00f3 amb la Universitat de les Illes Balears en la seva la C\u00e0tedra Seu de Mallorca ha trobat en els primers mesos del 2022, el moment idoni per a divulgar el coneixement sobre alguns dels seus aspectes m\u00e9s il\u00b7lustres. El m\u00e8tode triat \u00e9s el de tres confer\u00e8ncies que se celebraran entre febrer i abril d&#8217;enguany.<\/p>\n<p>Entre els temes seleccionats est\u00e0 la reconeguda Festa de la Llum, sobre la qual la Seu acollir\u00e0 una taula rodona dia 1 de febrer, en vespres de la seva celebraci\u00f3. Poc m\u00e9s d&#8217;un mes despr\u00e9s, el 17 de mar\u00e7, se celebrar\u00e0 una aproximaci\u00f3 a la pintura g\u00f2tica del Museu d\u2019Art Sacre de Mallorca. I el 28 d&#8217;abril, es tancar\u00e0 el cicle amb una confer\u00e8ncia sobre la intervenci\u00f3 que l&#8217;artista Miquel Barcel\u00f3, va dur a terme en la capella del Sant\u00edssim, entre els anys 2000 i 2007.<\/p>\n<p><strong>Taula rodona sobre la Festa de la Llum: 1 de febrer a les 19.00 hores<\/strong><\/p>\n<p>La Festa de la Llum \u00e9s uns dels esdeveniments m\u00e9s populars que acull la Seu. Cada 11 de novembre i cada 2 de febrer, la llum del sol que entra per la seva rosassa major, es projecta just sota la rosassa situada en la fa\u00e7ana interior del portal major.<\/p>\n<p>Les dates en les quals es produeix la Festa de la Llum s\u00f3n especialment assenyalades. D&#8217;una banda, dia 11 de novembre, dia de sant Mart\u00ed i el 2 de febrer, quaranta dies despr\u00e9s de Nadal, celebra la festa de la Candelera, que commemora la presentaci\u00f3 de Jes\u00fas en el temple de Jerusalem i la purificaci\u00f3 de la seva mare, Maria.<\/p>\n<p>Aix\u00ed doncs, dia 1 de febrer, un dia abans de la primera Festa de la Llum de 2022, la Catedral de Mallorca celebrar\u00e0 una taula rodona en la qual abordar\u00e0 aquest fenomen des de diversos punts de vista: el lit\u00fargic, el de la hist\u00f2ria constructiva, la hist\u00f2ria de l&#8217;art, o les matem\u00e0tiques. Els ponents seran del Dr. Miquel Ballester (arquitecte t\u00e8cnic municipal de Campos), el Dr. Daniel Ruiz (president de la Societat Balear de Matem\u00e0tiques SBM-XEIX) i Mn. Teodor Suau (deg\u00e0-president del Cap\u00edtol Catedral). La taula estar\u00e0 moderada per la Dra. Merc\u00e8 Gamb\u00fas, directora de la C\u00e0tedra \u201cSeu de Mallorca\u201d.<\/p>\n<p><strong>La pintura g\u00f2tica en el Museu d&#8217;Art Sacre de Mallorca: 17 de mar\u00e7 a les 19.00 hores<\/strong><\/p>\n<p>Poc m\u00e9s d&#8217;un mes despr\u00e9s, el Museu d\u2019Art Sacre de Mallorca, organitzar\u00e0 una aproximaci\u00f3 a la pintura g\u00f2tica d&#8217;aquesta galeria diocesana. Les obres g\u00f2tiques del Museu permeten tra\u00e7ar una hist\u00f2ria de la pintura mallorquina dels segles XIV i XV. Ja sigui a trav\u00e9s d&#8217;exemplars d&#8217;import\u00e0ncia europea, com d&#8217;uns altres que varen ser testimonis d&#8217;una \u00e8poca brillant per a l&#8217;art local, es deixa veure la incid\u00e8ncia que els diversos grups socials varen tenir en el desenvolupament de l&#8217;art mallorqu\u00ed. Tamb\u00e9 com la iniciativa col\u00b7lectiva va ser clau en el patrocini dels retaules, un tipus d&#8217;obra especialment preuada durant el g\u00f2tic.<\/p>\n<p>A m\u00e9s, l&#8217;aproximaci\u00f3 a aquests exemplars, permetr\u00e0 con\u00e8ixer millor la societat i la cultura d&#8217;aquella societat mallorquina dels segles XIV i XV; aix\u00ed com a les seves idees est\u00e8tiques, gustos, o tend\u00e8ncies art\u00edstiques. En un marc incomparable que destaca tant per la seva import\u00e0ncia com per la seva qualitat, la xerrada es recolzar\u00e0 en la mostra d&#8217;unes certes peces seleccionades.<\/p>\n<p><strong>Confer\u00e8ncia sobre la reforma de la capella del Sant\u00edssim: 28 d&#8217;abril a les 19.00 hores<\/strong><\/p>\n<p>La capella del Sant\u00edssim, hist\u00f2ricament coneguda com a capella de sant Pere, se situa en l&#8217;absis dret de la Catedral de Mallorca. En ella, entre els anys 2000 i 2007, es va plantejar desenvolupar una intervenci\u00f3 contempor\u00e0nia, a c\u00e0rrec de l&#8217;artista Miquel Barcel\u00f3. A la pregunta que va sorgir des de diversos estaments en aquells dies \u2014la de si era possible dur a terme una intervenci\u00f3 d\u2019aquest estil a l&#8217;interior d&#8217;una capella g\u00f2tica\u2014 ser\u00e0 a la qual es doni resposta en la confer\u00e8ncia que tindr\u00e0 lloc a la Seu el dijous 28 d&#8217;abril, a les 19.00 hores, per la Dra. Maria del Mar Escalas.<\/p>\n<p>L&#8217;\u00faltima de les tres confer\u00e8ncies que iniciaran l&#8217;any intentar\u00e0 endinsar-se en el projecte de reforma de la capella del Sant\u00edssim i els seus detalls, que s\u00f3n molts i nombrosos. El primer dels tres punts a tractar, ser\u00e0 el dels canvis i transformacions que ha sofert, des de l&#8217;\u00e8poca medieval, fins a finals del segle XX, la Capella del Sant\u00edssim, un dels espais m\u00e9s rellevants de tot el temple. En segon lloc, s&#8217;explicar\u00e0 breument quina era la traject\u00f2ria pr\u00e8via de Miquel Barcel\u00f3, artista mallorqu\u00ed de renom internacional. I ja per a tancar, es passar\u00e0 a desenvolupar els aspectes m\u00e9s importants de la conjuntura econ\u00f2mica, pol\u00edtica i patrimonial, d&#8217;aquell inici de segle, que varen permetre dur a terme la intervenci\u00f3.<\/p>\n","protected":false},"excerpt":{"rendered":"<p>La Festa de la Llum, la pintura g\u00f2tica del Museu d\u2019Art Sacre i la reforma de la capella del Sant\u00edssim duta a terme per Miquel Barcel\u00f3, seran els punts a tractar en cadascuna d&#8217;aquestes taules rodones, que tindran lloc entre febrer i abril de 2022. La Catedral en col\u00b7laboraci\u00f3 amb la Universitat de les Illes [&hellip;]<\/p>\n","protected":false},"author":2,"featured_media":6357,"comment_status":"closed","ping_status":"closed","sticky":false,"template":"","format":"standard","meta":{"_et_pb_use_builder":"","_et_pb_old_content":"","_et_gb_content_width":"","footnotes":""},"categories":[43],"tags":[],"class_list":["post-6360","post","type-post","status-publish","format-standard","has-post-thumbnail","hentry","category-noticies"],"_links":{"self":[{"href":"https:\/\/catedraldemallorca.org\/ca\/wp-json\/wp\/v2\/posts\/6360","targetHints":{"allow":["GET"]}}],"collection":[{"href":"https:\/\/catedraldemallorca.org\/ca\/wp-json\/wp\/v2\/posts"}],"about":[{"href":"https:\/\/catedraldemallorca.org\/ca\/wp-json\/wp\/v2\/types\/post"}],"author":[{"embeddable":true,"href":"https:\/\/catedraldemallorca.org\/ca\/wp-json\/wp\/v2\/users\/2"}],"replies":[{"embeddable":true,"href":"https:\/\/catedraldemallorca.org\/ca\/wp-json\/wp\/v2\/comments?post=6360"}],"version-history":[{"count":1,"href":"https:\/\/catedraldemallorca.org\/ca\/wp-json\/wp\/v2\/posts\/6360\/revisions"}],"predecessor-version":[{"id":6361,"href":"https:\/\/catedraldemallorca.org\/ca\/wp-json\/wp\/v2\/posts\/6360\/revisions\/6361"}],"wp:featuredmedia":[{"embeddable":true,"href":"https:\/\/catedraldemallorca.org\/ca\/wp-json\/wp\/v2\/media\/6357"}],"wp:attachment":[{"href":"https:\/\/catedraldemallorca.org\/ca\/wp-json\/wp\/v2\/media?parent=6360"}],"wp:term":[{"taxonomy":"category","embeddable":true,"href":"https:\/\/catedraldemallorca.org\/ca\/wp-json\/wp\/v2\/categories?post=6360"},{"taxonomy":"post_tag","embeddable":true,"href":"https:\/\/catedraldemallorca.org\/ca\/wp-json\/wp\/v2\/tags?post=6360"}],"curies":[{"name":"wp","href":"https:\/\/api.w.org\/{rel}","templated":true}]}}