{"id":6375,"date":"2022-02-02T12:21:38","date_gmt":"2022-02-02T11:21:38","guid":{"rendered":"https:\/\/catedraldemallorca.org\/noticies\/la-festa-de-la-llum-un-efecte-fortuit\/"},"modified":"2022-03-02T12:22:59","modified_gmt":"2022-03-02T11:22:59","slug":"la-festa-de-la-llum-un-efecte-fortuit","status":"publish","type":"post","link":"https:\/\/catedraldemallorca.org\/ca\/noticies\/la-festa-de-la-llum-un-efecte-fortuit\/","title":{"rendered":"\u201cLa Festa de la Llum\u201d, un efecte fortu\u00eft"},"content":{"rendered":"<p>Ahir, la Seu fou escenari d\u2019una trobada entre diferents especialistes que donaren llum a un dels temes que m\u00e9s inter\u00e8s suscita entre el gran p\u00fablic: l\u2019efecte lum\u00ednic del 2 de febrer i de l\u201911 de novembre. La taula rodona, moderada per la Dra. Merc\u00e8 Gamb\u00fas, compt\u00e0 amb experts en matem\u00e0tiques, arquitectura i lit\u00fargia, per tal d\u2019abordar la q\u00fcesti\u00f3 del fenomen lum\u00ednic de la Festa de la Llum des de diverses perspectives.<\/p>\n<p>La\u00a0<strong>Dra. Gamb\u00fas<\/strong>, directora de la C\u00e0tedra Seu de Mallorca, va obrir l\u2019acte amb una breu introducci\u00f3 a la hist\u00f2ria constructiva de la Catedral, fent especial esment al moment d\u2019obertura dels vitralls del temple ja en els segles XIX i XX, la qual cosa va permetre que la Seu tingu\u00e9s unes\u00a0<strong>condicions lum\u00edniques estables<\/strong>\u00a0i es pogu\u00e9s veure aquest fam\u00f3s fenomen. Un altre aspecte que Gamb\u00fas va ressaltar fou el de la denominaci\u00f3 de l\u2019efecte lum\u00ednic. Des del 2015, la Catedral es refer\u00ed a aquest com a \u201cEspectacle del Vuit\u201d, un nom que cercava cridar l\u2019atenci\u00f3 entre els mitjans de comunicaci\u00f3 amb fins de m\u00e0rqueting i relacionant-lo amb un possible simbolisme num\u00e8ric. No obstant, des del 2018, es decid\u00ed optar per una nova denominaci\u00f3,\u00a0<strong>\u201cFesta de la Llum\u201d<\/strong>, m\u00e9s adient amb la simbologia religiosa i espiritual del fenomen.<\/p>\n<p>El primer ponent de la taula rodona fou el\u00a0<strong>Dr. Daniel Ruiz<\/strong>, doctor en Matem\u00e0tiques i president de la Societat Balear de Matem\u00e0tiques, qui va assegurar que\u00a0<strong>la Seu \u00e9s un reflex palpable de l\u2019empremta matem\u00e0tica\u00a0<\/strong>que ens han deixat arquitectes i altres artistes: \u201cEs pot veure en tots i cada un dels racons, en la proporci\u00f3 dels pilars, en l\u2019\u00fas d\u2019elements geom\u00e8trics, en la reforma de Gaud\u00ed o en la decoraci\u00f3 de les rosasses\u201d. De fet, el tamb\u00e9 matem\u00e0tic Pep Llu\u00eds Pol i el propi Daniel Ruiz foren els primers en racionalitzar el fenomen lum\u00ednic, a partir de l\u2019any 2007. Ruiz va exposar, de forma molt clarificadora, com es produeix aquest efecte des del punt de vista matem\u00e0tic, el qual consisteix en la tang\u00e8ncia de dues circumfer\u00e8ncies: per una banda, la rosassa de ponent, i per l\u2019altra, la projecci\u00f3 de la rosassa major.<\/p>\n<p>Per la seva part, el\u00a0<strong>Dr. Miquel Ballester<\/strong>, doctor en Hist\u00f2ria de l\u2019Art i arquitecte t\u00e8cnic, va posar l\u2019\u00e8mfasi en l\u2019arquitectura com a protagonista destacat del fenomen lum\u00ednic. Durant la seva intervenci\u00f3, el p\u00fablic va poder descobrir que\u00a0<strong>l\u2019efecte lum\u00ednic \u00e9s fruit d\u2019una casualitat<\/strong>\u00a0i est\u00e0 determinat per factors constructius que es produ\u00efren al llarg del temps. El projecte inicial de la Catedral no plantejava la construcci\u00f3 de la rosassa major, sin\u00f3 que aquesta fou constru\u00efda a conseq\u00fc\u00e8ncia del canvi del pla i l\u2019ampliaci\u00f3 del temple, tant en ampl\u00e0ria com en al\u00e7ada, per la qual cosa fou una soluci\u00f3 per alleugerar el pes del mur de la nau central sobre la capella Reial. Tamb\u00e9 va fer esment a un tema que ha causat, en ocasions, diverses lectures i interpretacions: el disseny de la gelosia de la rosassa major. Segons Ballester, els\u00a0<strong>dibuixos i formes de la rosassa es deuen a una q\u00fcesti\u00f3 estructural<\/strong>, ja que aquestes formes geom\u00e8triques s\u00f3n les millors formes per repartir els pesos. Ballester tamb\u00e9 afirm\u00e0 que, possiblement, el disseny actual de la rosassa major \u00e9s el mateix que el que tingu\u00e9 origin\u00e0riament.<\/p>\n<p><strong>Mn. Teodor Suau<\/strong>, deg\u00e0-president del Cap\u00edtol Catedral, biblista i expert en lit\u00fargia, fou el darrer en intervenir en la taula rodona aportant una mirada teol\u00f2gica i lit\u00fargica a la q\u00fcesti\u00f3. Per Mn. Suau, el\u00a0<strong>concepte de llum<\/strong>\u00a0est\u00e0 connectat amb l\u2019anhel arquet\u00edpic de la persona humana i, de fet, hi est\u00e0 present a totes les religions i cultures, les quals identifiquen D\u00e9u amb llum. Per comprendre el significat de la llum per a la humanitat, Mn. Suau va fer un interessant recorregut per les diferents cultures i religions, des de l\u2019antiga Gr\u00e8cia fins a la tradici\u00f3 judeocristiana i b\u00edblica. Per aquesta darrera, la llum \u00e9s la que il\u00b7lumina el cam\u00ed de les persones,\u00a0<strong>identificant la llum amb D\u00e9u<\/strong>, ra\u00f3 per la qual la llum \u00e9s tant important dins l\u2019arquitectura g\u00f2tica.<\/p>\n<p>M\u00e9s de 40 persones assistiren presencialment a la taula rodona, mentre que foren unes 300 les que seguiren l\u2019acte en directe a trav\u00e9s del canal Youtube i Facebook de la Catedral de Mallorca.<\/p>\n","protected":false},"excerpt":{"rendered":"<p>Ahir, la Seu fou escenari d\u2019una trobada entre diferents especialistes que donaren llum a un dels temes que m\u00e9s inter\u00e8s suscita entre el gran p\u00fablic: l\u2019efecte lum\u00ednic del 2 de febrer i de l\u201911 de novembre. La taula rodona, moderada per la Dra. Merc\u00e8 Gamb\u00fas, compt\u00e0 amb experts en matem\u00e0tiques, arquitectura i lit\u00fargia, per tal [&hellip;]<\/p>\n","protected":false},"author":2,"featured_media":6372,"comment_status":"closed","ping_status":"closed","sticky":false,"template":"","format":"standard","meta":{"_et_pb_use_builder":"","_et_pb_old_content":"","_et_gb_content_width":"","footnotes":""},"categories":[43],"tags":[],"class_list":["post-6375","post","type-post","status-publish","format-standard","has-post-thumbnail","hentry","category-noticies"],"_links":{"self":[{"href":"https:\/\/catedraldemallorca.org\/ca\/wp-json\/wp\/v2\/posts\/6375","targetHints":{"allow":["GET"]}}],"collection":[{"href":"https:\/\/catedraldemallorca.org\/ca\/wp-json\/wp\/v2\/posts"}],"about":[{"href":"https:\/\/catedraldemallorca.org\/ca\/wp-json\/wp\/v2\/types\/post"}],"author":[{"embeddable":true,"href":"https:\/\/catedraldemallorca.org\/ca\/wp-json\/wp\/v2\/users\/2"}],"replies":[{"embeddable":true,"href":"https:\/\/catedraldemallorca.org\/ca\/wp-json\/wp\/v2\/comments?post=6375"}],"version-history":[{"count":2,"href":"https:\/\/catedraldemallorca.org\/ca\/wp-json\/wp\/v2\/posts\/6375\/revisions"}],"predecessor-version":[{"id":6377,"href":"https:\/\/catedraldemallorca.org\/ca\/wp-json\/wp\/v2\/posts\/6375\/revisions\/6377"}],"wp:featuredmedia":[{"embeddable":true,"href":"https:\/\/catedraldemallorca.org\/ca\/wp-json\/wp\/v2\/media\/6372"}],"wp:attachment":[{"href":"https:\/\/catedraldemallorca.org\/ca\/wp-json\/wp\/v2\/media?parent=6375"}],"wp:term":[{"taxonomy":"category","embeddable":true,"href":"https:\/\/catedraldemallorca.org\/ca\/wp-json\/wp\/v2\/categories?post=6375"},{"taxonomy":"post_tag","embeddable":true,"href":"https:\/\/catedraldemallorca.org\/ca\/wp-json\/wp\/v2\/tags?post=6375"}],"curies":[{"name":"wp","href":"https:\/\/api.w.org\/{rel}","templated":true}]}}