{"id":6624,"date":"2022-03-18T10:34:25","date_gmt":"2022-03-18T09:34:25","guid":{"rendered":"https:\/\/desarrollo.catedraldemallorca.org\/noticies\/la-dra-merce-gambus-directora-de-la-catedra-seu-de-mallorca-inaugura-les-jornades-de-museolegs-de-lesglesia-a-espanya-amb-la-seva-conferencia-la-museologia-de-lart-sacre\/"},"modified":"2022-03-18T10:34:25","modified_gmt":"2022-03-18T09:34:25","slug":"la-dra-merce-gambus-directora-de-la-catedra-seu-de-mallorca-inaugura-les-jornades-de-museolegs-de-lesglesia-a-espanya-amb-la-seva-conferencia-la-museologia-de-lart-sacre","status":"publish","type":"post","link":"https:\/\/catedraldemallorca.org\/ca\/noticies\/la-dra-merce-gambus-directora-de-la-catedra-seu-de-mallorca-inaugura-les-jornades-de-museolegs-de-lesglesia-a-espanya-amb-la-seva-conferencia-la-museologia-de-lart-sacre\/","title":{"rendered":"La Dra. Merc\u00e8 Gamb\u00fas, directora de la C\u00e0tedra Seu de Mallorca, inaugura les jornades de muse\u00f2legs de l\u2019Esgl\u00e9sia a Espanya amb la seva confer\u00e8ncia \u201cla museologia de l\u2019art sacre\u201d"},"content":{"rendered":"<p>Els dies 7, 8 i 9 de mar\u00e7 ha tingut lloc les Jornades de Muse\u00f2legs de l\u2019Esgl\u00e9sia a Espanya, titulades\u00a0<strong>\u201cMuseus de l\u2019Esgl\u00e9sia i el repte de la despoblaci\u00f3: preservar el patrimoni\u201d<\/strong>, al Seminari Major d\u2019Astorga. Aquestes jornades, organitzades per la Subcomissi\u00f3 Episcopal per al Patrimoni Cultural, varen comen\u00e7ar amb la pon\u00e8ncia inaugural\u00a0<strong>\u201cLa Museologia de l\u2019art sacre. Metodologia, conservaci\u00f3 i estrat\u00e8gies de divulgaci\u00f3\u201d,<\/strong>\u00a0a c\u00e0rrec de la\u00a0<strong>Dra. Merc\u00e8 Gamb\u00fas<\/strong>, coordinadora cientificot\u00e8cnica del Departament de Cultura de la Catedral i directora de la C\u00e0tedra Seu de Mallorca.<\/p>\n<p>En aquesta pon\u00e8ncia, la Dra. Gamb\u00fas va exposar el desafiament al qual es veuen sotmesos en l\u2019actualitat els Museus de l\u2019Esgl\u00e9sia, des de la perspectiva de la conservaci\u00f3 del patrimoni i de les seves estrat\u00e8gies de difusi\u00f3 i divulgaci\u00f3.<\/p>\n<p>La pon\u00e8ncia es va centrar en la definici\u00f3 de quatre conceptes:<\/p>\n<ol>\n<li>1. Art Sacre, com a concepte de la museologia que se contextualitza a partir dels pontificats de Pius IX i Lle\u00f3 XIII i enlla\u00e7a amb el Concili Vatic\u00e0 II i el desenvolupament de la idea del b\u00e9 cultural.<\/li>\n<li>2. Metodologia, com a procediment racional fonamentat en la legislaci\u00f3 civil i can\u00f2nica.<\/li>\n<li>3. Conservaci\u00f3 del Patrimoni, com a metodologia aplicada a les casu\u00edstiques particulars dels Museus de l\u2019Esgl\u00e9sia, fent especial esment als Plans Directors com a cronograma de la metodologia i de les seves l\u00ednies d\u2019actuaci\u00f3.<\/li>\n<li>4. Estrat\u00e8gies de divulgaci\u00f3, com a \u00e0mbit de la museografia eclesi\u00e0stica i de la seva socialitzaci\u00f3.<\/li>\n<\/ol>\n<p>Despr\u00e9s de l\u2019exposici\u00f3 d\u2019aquests conceptes claus, la Dra. Gamb\u00fas va concloure la pon\u00e8ncia presentant un cas pr\u00e0ctic: el Museu d\u2019Art Sacre de Mallorca.<\/p>\n","protected":false},"excerpt":{"rendered":"<p>Els dies 7, 8 i 9 de mar\u00e7 ha tingut lloc les Jornades de Muse\u00f2legs de l\u2019Esgl\u00e9sia a Espanya, titulades\u00a0\u201cMuseus de l\u2019Esgl\u00e9sia i el repte de la despoblaci\u00f3: preservar el patrimoni\u201d, al Seminari Major d\u2019Astorga. Aquestes jornades, organitzades per la Subcomissi\u00f3 Episcopal per al Patrimoni Cultural, varen comen\u00e7ar amb la pon\u00e8ncia inaugural\u00a0\u201cLa Museologia de l\u2019art [&hellip;]<\/p>\n","protected":false},"author":2,"featured_media":6620,"comment_status":"closed","ping_status":"closed","sticky":false,"template":"","format":"standard","meta":{"_et_pb_use_builder":"","_et_pb_old_content":"","_et_gb_content_width":"","footnotes":""},"categories":[43],"tags":[],"class_list":["post-6624","post","type-post","status-publish","format-standard","has-post-thumbnail","hentry","category-noticies"],"_links":{"self":[{"href":"https:\/\/catedraldemallorca.org\/ca\/wp-json\/wp\/v2\/posts\/6624","targetHints":{"allow":["GET"]}}],"collection":[{"href":"https:\/\/catedraldemallorca.org\/ca\/wp-json\/wp\/v2\/posts"}],"about":[{"href":"https:\/\/catedraldemallorca.org\/ca\/wp-json\/wp\/v2\/types\/post"}],"author":[{"embeddable":true,"href":"https:\/\/catedraldemallorca.org\/ca\/wp-json\/wp\/v2\/users\/2"}],"replies":[{"embeddable":true,"href":"https:\/\/catedraldemallorca.org\/ca\/wp-json\/wp\/v2\/comments?post=6624"}],"version-history":[{"count":0,"href":"https:\/\/catedraldemallorca.org\/ca\/wp-json\/wp\/v2\/posts\/6624\/revisions"}],"wp:featuredmedia":[{"embeddable":true,"href":"https:\/\/catedraldemallorca.org\/ca\/wp-json\/wp\/v2\/media\/6620"}],"wp:attachment":[{"href":"https:\/\/catedraldemallorca.org\/ca\/wp-json\/wp\/v2\/media?parent=6624"}],"wp:term":[{"taxonomy":"category","embeddable":true,"href":"https:\/\/catedraldemallorca.org\/ca\/wp-json\/wp\/v2\/categories?post=6624"},{"taxonomy":"post_tag","embeddable":true,"href":"https:\/\/catedraldemallorca.org\/ca\/wp-json\/wp\/v2\/tags?post=6624"}],"curies":[{"name":"wp","href":"https:\/\/api.w.org\/{rel}","templated":true}]}}