{"id":8015,"date":"2022-05-03T12:13:49","date_gmt":"2022-05-03T10:13:49","guid":{"rendered":"https:\/\/catedraldemallorca.org\/noticies\/lescolania-vermells-de-la-seu\/"},"modified":"2022-05-03T12:17:52","modified_gmt":"2022-05-03T10:17:52","slug":"lescolania-vermells-de-la-seu","status":"publish","type":"post","link":"https:\/\/catedraldemallorca.org\/ca\/noticies\/lescolania-vermells-de-la-seu\/","title":{"rendered":"L&#8217;Escolania Vermells de la Seu"},"content":{"rendered":"<p>L&#8217;escolania neix en el segle XIV i des de llavors ha tingut diverses fases. L&#8217;\u00faltima etapa va comen\u00e7ar al desembre de l&#8217;any 2000. Va ser una iniciativa del Cap\u00edtol de la Catedral de Mallorca, a partir de la proposta del Canonge Don Sebasti\u00e0 Arrom i Coll i sota la direcci\u00f3 d&#8217;Antoni J. Salv\u00e0.<\/p>\n<p>Al llarg d&#8217;aquestes dues d\u00e8cades, <strong>&#8216;Els Vermells de la Seu&#8217;<\/strong> han portat les seves veus angelicals per tota Mallorca, aix\u00ed com per fora de l&#8217;illa, participant en trobades corals i festivals internacionals.<\/p>\n<p>Actualment, l&#8217;escolania est\u00e0 formada per m\u00e9s de 20 cantors (entre 9 i 15 anys), dirigits sota la batuta de la directora Pilar Noguera.<\/p>\n<p>Participen en l&#8217;Eucaristia dominical una vegada cada mes i en qualsevol altra activitat que es proposi.<\/p>\n<p><strong>Vols que els teus fills formin part de l&#8217;Escolania?<\/strong><\/p>\n<p>Els apassiona la m\u00fasica i sobretot els agrada cantar? Ara tenen l&#8217;oportunitat de formar part de I&#8217;Escolania de la Catedral de Mallorca.<\/p>\n<p>A m\u00e9s de cantar en un lloc tan emblem\u00e0tic com la Seu, tamb\u00e9 tindran l&#8217;oportunitat de cantar en altres llocs de Mallorca i fora de l&#8217;illa.<\/p>\n<p>Tradici\u00f3, dedicaci\u00f3 i cohesi\u00f3 s\u00f3n alguns dels valors que comparteixen &#8216;Els vermells de la Seu&#8217;. Perqu\u00e8 no sols es tracta de cantar, sin\u00f3 d&#8217;aprendre i viure una experi\u00e8ncia \u00fanica en la vida.<\/p>\n<p>Ara \u00e9s el moment, parla amb els teus fills i contacta amb nosaltres a trav\u00e9s de l&#8217;adre\u00e7a de correu electronic <em><strong>escolania@catedraldemallorca.org\u00a0<\/strong><\/em>o cridant al tel\u00e8fon <em><strong>971 713 133<\/strong><\/em><em>.<\/em><\/p>\n","protected":false},"excerpt":{"rendered":"<p>L&#8217;escolania neix en el segle XIV i des de llavors ha tingut diverses fases. L&#8217;\u00faltima etapa va comen\u00e7ar al desembre de l&#8217;any 2000. Va ser una iniciativa del Cap\u00edtol de la Catedral de Mallorca, a partir de la proposta del Canonge Don Sebasti\u00e0 Arrom i Coll i sota la direcci\u00f3 d&#8217;Antoni J. Salv\u00e0. Al llarg [&hellip;]<\/p>\n","protected":false},"author":2,"featured_media":8012,"comment_status":"closed","ping_status":"closed","sticky":false,"template":"","format":"standard","meta":{"_et_pb_use_builder":"","_et_pb_old_content":"","_et_gb_content_width":"","footnotes":""},"categories":[43],"tags":[],"class_list":["post-8015","post","type-post","status-publish","format-standard","has-post-thumbnail","hentry","category-noticies"],"_links":{"self":[{"href":"https:\/\/catedraldemallorca.org\/ca\/wp-json\/wp\/v2\/posts\/8015","targetHints":{"allow":["GET"]}}],"collection":[{"href":"https:\/\/catedraldemallorca.org\/ca\/wp-json\/wp\/v2\/posts"}],"about":[{"href":"https:\/\/catedraldemallorca.org\/ca\/wp-json\/wp\/v2\/types\/post"}],"author":[{"embeddable":true,"href":"https:\/\/catedraldemallorca.org\/ca\/wp-json\/wp\/v2\/users\/2"}],"replies":[{"embeddable":true,"href":"https:\/\/catedraldemallorca.org\/ca\/wp-json\/wp\/v2\/comments?post=8015"}],"version-history":[{"count":2,"href":"https:\/\/catedraldemallorca.org\/ca\/wp-json\/wp\/v2\/posts\/8015\/revisions"}],"predecessor-version":[{"id":8017,"href":"https:\/\/catedraldemallorca.org\/ca\/wp-json\/wp\/v2\/posts\/8015\/revisions\/8017"}],"wp:featuredmedia":[{"embeddable":true,"href":"https:\/\/catedraldemallorca.org\/ca\/wp-json\/wp\/v2\/media\/8012"}],"wp:attachment":[{"href":"https:\/\/catedraldemallorca.org\/ca\/wp-json\/wp\/v2\/media?parent=8015"}],"wp:term":[{"taxonomy":"category","embeddable":true,"href":"https:\/\/catedraldemallorca.org\/ca\/wp-json\/wp\/v2\/categories?post=8015"},{"taxonomy":"post_tag","embeddable":true,"href":"https:\/\/catedraldemallorca.org\/ca\/wp-json\/wp\/v2\/tags?post=8015"}],"curies":[{"name":"wp","href":"https:\/\/api.w.org\/{rel}","templated":true}]}}