{"id":8572,"date":"2022-05-30T14:14:43","date_gmt":"2022-05-30T12:14:43","guid":{"rendered":"https:\/\/catedraldemallorca.org\/noticies\/mor-el-m-i-mn-bartomeu-moll-i-ribas-als-78-anys\/"},"modified":"2022-06-09T12:08:18","modified_gmt":"2022-06-09T10:08:18","slug":"mor-el-m-i-mn-bartomeu-moll-i-ribas-als-78-anys","status":"publish","type":"post","link":"https:\/\/catedraldemallorca.org\/ca\/noticies\/mor-el-m-i-mn-bartomeu-moll-i-ribas-als-78-anys\/","title":{"rendered":"Mor el M. I. Mn. Bartomeu Moll i Ribas als 78 anys"},"content":{"rendered":"<p>El M. I. Mn. Bartomeu Moll i Ribas, canonge em\u00e8rit de la Santa Esgl\u00e8sia Catedral Bas\u00edlica de Mallorca, ha mort, aquest 30 de maig, als 78 anys d&#8217;edat.<\/p>\n<p>Bartomeu Moll ocupava el c\u00e0rrec de<em>\u00a0primatxer<\/em> (sochantre) en el cor de la Seu des de mar\u00e7 de 1974. I en 2014, el bisbe Javier Salinas el va proclamar canonge. Moll va ser professor del col\u00b7legi de la Sant\u00edssima Trinitat de Palma. On va ser una persona molt estimada entre els seus alumnes. Va celebrar la seva primera missa en 1967 al seu poble natal, Montu\u00efri. Despr\u00e9s ja va entrar com a professor de les trinit\u00e0ries, treball que va compaginar amb el de vicari de Sant Jaume o de Sant Nicolau de Palma entre altres c\u00e0rrecs.<\/p>\n<p>Es celebrar\u00e0 una missa exequial en el seu honor el pr\u00f2xim dimecres 1 de juny a les 19:00h.<\/p>\n<p>El funeral, que tindr\u00e0 lloc a la Catedral de Mallorca, ser\u00e0 presidit pel bisbe de Mallorca Sebasti\u00e0 Taltavull i concelebrat pels membres del Cap\u00edtol i tots els preveres assistents.<\/p>\n<p>Al cel sia.<\/p>\n","protected":false},"excerpt":{"rendered":"<p>El M. I. Mn. Bartomeu Moll i Ribas, canonge em\u00e8rit de la Santa Esgl\u00e8sia Catedral Bas\u00edlica de Mallorca, ha mort, aquest 30 de maig, als 78 anys d&#8217;edat. Bartomeu Moll ocupava el c\u00e0rrec de\u00a0primatxer (sochantre) en el cor de la Seu des de mar\u00e7 de 1974. I en 2014, el bisbe Javier Salinas el va [&hellip;]<\/p>\n","protected":false},"author":2,"featured_media":8569,"comment_status":"closed","ping_status":"closed","sticky":false,"template":"","format":"standard","meta":{"_et_pb_use_builder":"","_et_pb_old_content":"","_et_gb_content_width":"","footnotes":""},"categories":[43],"tags":[],"class_list":["post-8572","post","type-post","status-publish","format-standard","has-post-thumbnail","hentry","category-noticies"],"_links":{"self":[{"href":"https:\/\/catedraldemallorca.org\/ca\/wp-json\/wp\/v2\/posts\/8572","targetHints":{"allow":["GET"]}}],"collection":[{"href":"https:\/\/catedraldemallorca.org\/ca\/wp-json\/wp\/v2\/posts"}],"about":[{"href":"https:\/\/catedraldemallorca.org\/ca\/wp-json\/wp\/v2\/types\/post"}],"author":[{"embeddable":true,"href":"https:\/\/catedraldemallorca.org\/ca\/wp-json\/wp\/v2\/users\/2"}],"replies":[{"embeddable":true,"href":"https:\/\/catedraldemallorca.org\/ca\/wp-json\/wp\/v2\/comments?post=8572"}],"version-history":[{"count":1,"href":"https:\/\/catedraldemallorca.org\/ca\/wp-json\/wp\/v2\/posts\/8572\/revisions"}],"predecessor-version":[{"id":8662,"href":"https:\/\/catedraldemallorca.org\/ca\/wp-json\/wp\/v2\/posts\/8572\/revisions\/8662"}],"wp:featuredmedia":[{"embeddable":true,"href":"https:\/\/catedraldemallorca.org\/ca\/wp-json\/wp\/v2\/media\/8569"}],"wp:attachment":[{"href":"https:\/\/catedraldemallorca.org\/ca\/wp-json\/wp\/v2\/media?parent=8572"}],"wp:term":[{"taxonomy":"category","embeddable":true,"href":"https:\/\/catedraldemallorca.org\/ca\/wp-json\/wp\/v2\/categories?post=8572"},{"taxonomy":"post_tag","embeddable":true,"href":"https:\/\/catedraldemallorca.org\/ca\/wp-json\/wp\/v2\/tags?post=8572"}],"curies":[{"name":"wp","href":"https:\/\/api.w.org\/{rel}","templated":true}]}}