{"id":8729,"date":"2022-06-09T12:28:50","date_gmt":"2022-06-09T10:28:50","guid":{"rendered":"https:\/\/catedraldemallorca.org\/noticies\/el-corpus-christi-la-festivitat-i-els-seus-elements\/"},"modified":"2022-06-09T12:46:25","modified_gmt":"2022-06-09T10:46:25","slug":"el-corpus-christi-la-festivitat-i-els-seus-elements","status":"publish","type":"post","link":"https:\/\/catedraldemallorca.org\/ca\/noticies\/el-corpus-christi-la-festivitat-i-els-seus-elements\/","title":{"rendered":"El Corpus Christi: La festivitat i els seus elements"},"content":{"rendered":"<p>El <strong>Corpus Christi<\/strong>, que en llat\u00ed significa \u00abcos de Crist\u00bb, \u00e9s una festa religiosa que celebra la pres\u00e8ncia de Crist en l&#8217;Eucaristia.<\/p>\n<p>El prop\u00f2sit d&#8217;aquesta festa \u00e9s commemorar la celebraci\u00f3 de l&#8217;Eucaristia que t\u00e9 lloc el Dijous Sant durant l&#8217;\u00daltim Sopar, quan Jes\u00fas va transformar el pa i el vi en El seu Cos i Sang i va convidar als ap\u00f2stols a combregar amb el Senyor. \u00c9s a dir, el Corpus Christi se celebra seixanta dies despr\u00e9s del Diumenge de Resurrecci\u00f3, el dijous despr\u00e9s de la Trinitat, que cau en el diumenge despr\u00e9s de la Sant\u00edssima Trinitat.<\/p>\n<p>Aix\u00ed, la celebraci\u00f3 del Sant\u00edssim Sagrament inclou processons pels carrers i llocs p\u00fablics on s&#8217;exhibeixen alguns s\u00edmbols sagrats, al costat de la multitud de fidels. Els elements lit\u00fargics m\u00e9s destacats de la festa del Corpus Christi s\u00f3n la <strong>Lled\u00e0nia<\/strong>, la <strong>Cust\u00f2dia<\/strong>, el <strong>Conopeu<\/strong> i el <strong>Tintinacle<\/strong>.<\/p>\n<p><em><strong><img decoding=\"async\" class=\"aligncenter wp-image-8719 size-large\" src=\"https:\/\/catedraldemallorca.org\/wp-content\/uploads\/2022\/06\/Lledania-683x1024.jpg\" alt=\"\" width=\"683\" height=\"1024\" srcset=\"https:\/\/catedraldemallorca.org\/wp-content\/uploads\/2022\/06\/Lledania-683x1024.jpg 683w, https:\/\/catedraldemallorca.org\/wp-content\/uploads\/2022\/06\/Lledania-480x720.jpg 480w\" sizes=\"(min-width: 0px) and (max-width: 480px) 480px, (min-width: 481px) 683px, 100vw\" \/><\/strong><\/em><\/p>\n<p><strong>Lled\u00e0nia<\/strong><\/p>\n<p>Una creu processional del Corpus. Antigament s&#8217;adornava amb flors fresques, per\u00f2 amb el pas del temps ha esdevingut en una creu de cera. \u00c9s transportada pels membres de les confraries de Palma. Una tradici\u00f3 era recollir la cera cremada aquest dia i dipositar-la a les portes de les cases, amb la creen\u00e7a que aix\u00ed es tindria bona sort tot l&#8217;any. En 1743 la creu de la Lled\u00e0nia va ser prohibida i el 1750 l\u2019Ajuntament de Palma la va recuperar.<\/p>\n<p><strong>Cust\u00f2dia<\/strong><\/p>\n<p>Obra d&#8217;art amb base neog\u00f2tica del segle XIX, pe\u00e7a central g\u00f2tica i part superior d&#8217;estil barroc, de 120 kg de pes i 2,28 m d&#8217;altura. L&#8217;any 2011 es va recuperar la tradici\u00f3 centen\u00e0ria de portar la Cust\u00f2dia a coll, per\u00f2 des de 2014 es va tornar a utilitzar la carrossa. No \u00e9s una obra unit\u00e0ria, ja que \u00e9s el resultat de les reposicions i afegits que s&#8217;han dut a terme durant la seva hist\u00f2ria. En el seu tronc, es troba l&#8217;escut d&#8217;armes d&#8217;un reliquiari que el bisbe Gil S\u00e1nchez Mu\u00f1oz, mort el 1447, va lliurar a la Seu. Un altre bisbe, Bernat Nadal, va donar els 826 brillants que envolten entre finals del XVIII i principis del XIX.<\/p>\n<p><strong><img decoding=\"async\" class=\"aligncenter wp-image-8716 size-large\" src=\"https:\/\/catedraldemallorca.org\/wp-content\/uploads\/2022\/06\/conopeu-i-tintinacle-1024x682.jpg\" alt=\"\" width=\"1024\" height=\"682\" srcset=\"https:\/\/catedraldemallorca.org\/wp-content\/uploads\/2022\/06\/conopeu-i-tintinacle-980x653.jpg 980w, https:\/\/catedraldemallorca.org\/wp-content\/uploads\/2022\/06\/conopeu-i-tintinacle-480x320.jpg 480w\" sizes=\"(min-width: 0px) and (max-width: 480px) 480px, (min-width: 481px) and (max-width: 980px) 980px, (min-width: 981px) 1024px, 100vw\" \/><\/strong><\/p>\n<p><strong>Conopeu<\/strong><\/p>\n<p>\u00c9s un element, dissenyat per Gaud\u00ed, que s&#8217;utilitza en les processons lit\u00fargiques i d&#8217;una creativitat i originalitat extraordin\u00e0ria. T\u00e9 forma c\u00f2nica, semblant a un paraigua, amb una tela amb franges de colors groc or i vermell. Es pensa que els colors representen la senyera papal medieval. El conopeu est\u00e0 subjecte per una asta de fusta que porta al capdamunt una esfera coronada per una creu. La corona de plata que la cenyeix \u00e9s de 2004, ja que l&#8217;original, d&#8217;alumini, es va degradar tant que va ser irrecuperable. Est\u00e0 fet en fusta, bronze i teixit.<\/p>\n<p><strong>Tintinacle<\/strong><\/p>\n<p>Com el conopeu, \u00e9s un altre element dissenyat per Gaud\u00ed que s&#8217;usa en les processons. \u00c9s la campana que anuncia l&#8217;arribada de la process\u00f3. En el cas d&#8217;aquest tintinacle, all\u00f2 que fa sonar la campana \u00e9s un martell, que pica un dels costats del bronze, de forma gaireb\u00e9 cil\u00edndrica, i coronat per un sol radiant de puntes rectes i corbades. La campana est\u00e0 subjecta per un pal de fusta que permet portar-la en process\u00f3.<\/p>\n","protected":false},"excerpt":{"rendered":"<p>El Corpus Christi, que en llat\u00ed significa \u00abcos de Crist\u00bb, \u00e9s una festa religiosa que celebra la pres\u00e8ncia de Crist en l&#8217;Eucaristia. El prop\u00f2sit d&#8217;aquesta festa \u00e9s commemorar la celebraci\u00f3 de l&#8217;Eucaristia que t\u00e9 lloc el Dijous Sant durant l&#8217;\u00daltim Sopar, quan Jes\u00fas va transformar el pa i el vi en El seu Cos i [&hellip;]<\/p>\n","protected":false},"author":2,"featured_media":8722,"comment_status":"closed","ping_status":"closed","sticky":false,"template":"","format":"standard","meta":{"_et_pb_use_builder":"","_et_pb_old_content":"","_et_gb_content_width":"","footnotes":""},"categories":[43],"tags":[],"class_list":["post-8729","post","type-post","status-publish","format-standard","has-post-thumbnail","hentry","category-noticies"],"_links":{"self":[{"href":"https:\/\/catedraldemallorca.org\/ca\/wp-json\/wp\/v2\/posts\/8729","targetHints":{"allow":["GET"]}}],"collection":[{"href":"https:\/\/catedraldemallorca.org\/ca\/wp-json\/wp\/v2\/posts"}],"about":[{"href":"https:\/\/catedraldemallorca.org\/ca\/wp-json\/wp\/v2\/types\/post"}],"author":[{"embeddable":true,"href":"https:\/\/catedraldemallorca.org\/ca\/wp-json\/wp\/v2\/users\/2"}],"replies":[{"embeddable":true,"href":"https:\/\/catedraldemallorca.org\/ca\/wp-json\/wp\/v2\/comments?post=8729"}],"version-history":[{"count":2,"href":"https:\/\/catedraldemallorca.org\/ca\/wp-json\/wp\/v2\/posts\/8729\/revisions"}],"predecessor-version":[{"id":8733,"href":"https:\/\/catedraldemallorca.org\/ca\/wp-json\/wp\/v2\/posts\/8729\/revisions\/8733"}],"wp:featuredmedia":[{"embeddable":true,"href":"https:\/\/catedraldemallorca.org\/ca\/wp-json\/wp\/v2\/media\/8722"}],"wp:attachment":[{"href":"https:\/\/catedraldemallorca.org\/ca\/wp-json\/wp\/v2\/media?parent=8729"}],"wp:term":[{"taxonomy":"category","embeddable":true,"href":"https:\/\/catedraldemallorca.org\/ca\/wp-json\/wp\/v2\/categories?post=8729"},{"taxonomy":"post_tag","embeddable":true,"href":"https:\/\/catedraldemallorca.org\/ca\/wp-json\/wp\/v2\/tags?post=8729"}],"curies":[{"name":"wp","href":"https:\/\/api.w.org\/{rel}","templated":true}]}}