{"id":8739,"date":"2022-06-13T12:29:01","date_gmt":"2022-06-13T10:29:01","guid":{"rendered":"https:\/\/catedraldemallorca.org\/noticies\/el-corpus-christi-recupera-la-tradicional-processo\/"},"modified":"2022-06-13T12:31:27","modified_gmt":"2022-06-13T10:31:27","slug":"el-corpus-christi-recupera-la-tradicional-processo","status":"publish","type":"post","link":"https:\/\/catedraldemallorca.org\/ca\/noticies\/el-corpus-christi-recupera-la-tradicional-processo\/","title":{"rendered":"El Corpus Christi recupera la tradicional process\u00f3"},"content":{"rendered":"<p>El pr\u00f2xim 19 de juny, la comunitat cat\u00f2lica celebrar\u00e0 una de les festivitats m\u00e9s solemnes de la seva lit\u00fargia, el <strong><em>\u201cCorpus Christi\u201d<\/em><\/strong>.<\/p>\n<p>La Catedral de Mallorca acollir\u00e0 el proper diumenge aquesta celebraci\u00f3, que \u00e9s viscuda amb gran devoci\u00f3 per tots els creients mallorquins. Comen\u00e7ar\u00e0 a les 17:10h amb l&#8217;exposici\u00f3 del Sant\u00edssim, posteriorment tindr\u00e0 lloc a les 17:15h el cant de Vespres i finalment, a les 18:00h l&#8217;Eucaristia presidida pel <strong>Excm. I Rvdm. Mons. Bernardito Auza, Nunci Apost\u00f2lic a Espanya<\/strong>. La missa ser\u00e0 concelebrada pel Sr. Bisbe de Mallorca, Mons. Sebasti\u00e0 Taltavull, els membres del Cap\u00edtol i tots els preveres assistents.<\/p>\n<p>Despr\u00e9s dels dos anys de pand\u00e8mia, enguany la process\u00f3 recuperar\u00e0 el recorregut tradicional: \u00a0Dalt Murada, carrer Palau, pla\u00e7a Santa Eul\u00e0lia, carrer Palau Reial, pla\u00e7a de Cort i tornar cap a la Seu.<\/p>\n<p>El Sant\u00edssim ser\u00e0 portat per la carrossa amb la Cust\u00f2dia Major. La Lled\u00e0nia i les ins\u00edgnies de la Seu (Tintinacle i Conopeu) tamb\u00e9 es lluiran durant la process\u00f3. Tamb\u00e9 participaran les Confraries amb el seu Estendard.<\/p>\n<p>Aix\u00ed mateix, la Catedral posar\u00e0 a la disposici\u00f3 de tots els feligresos la retransmissi\u00f3 en directe del Corpus Christi, a trav\u00e9s de la nostra p\u00e0gina web i xarxes socials.<\/p>\n","protected":false},"excerpt":{"rendered":"<p>El pr\u00f2xim 19 de juny, la comunitat cat\u00f2lica celebrar\u00e0 una de les festivitats m\u00e9s solemnes de la seva lit\u00fargia, el \u201cCorpus Christi\u201d. La Catedral de Mallorca acollir\u00e0 el proper diumenge aquesta celebraci\u00f3, que \u00e9s viscuda amb gran devoci\u00f3 per tots els creients mallorquins. Comen\u00e7ar\u00e0 a les 17:10h amb l&#8217;exposici\u00f3 del Sant\u00edssim, posteriorment tindr\u00e0 lloc a [&hellip;]<\/p>\n","protected":false},"author":2,"featured_media":8736,"comment_status":"closed","ping_status":"closed","sticky":false,"template":"","format":"standard","meta":{"_et_pb_use_builder":"","_et_pb_old_content":"","_et_gb_content_width":"","footnotes":""},"categories":[43],"tags":[],"class_list":["post-8739","post","type-post","status-publish","format-standard","has-post-thumbnail","hentry","category-noticies"],"_links":{"self":[{"href":"https:\/\/catedraldemallorca.org\/ca\/wp-json\/wp\/v2\/posts\/8739","targetHints":{"allow":["GET"]}}],"collection":[{"href":"https:\/\/catedraldemallorca.org\/ca\/wp-json\/wp\/v2\/posts"}],"about":[{"href":"https:\/\/catedraldemallorca.org\/ca\/wp-json\/wp\/v2\/types\/post"}],"author":[{"embeddable":true,"href":"https:\/\/catedraldemallorca.org\/ca\/wp-json\/wp\/v2\/users\/2"}],"replies":[{"embeddable":true,"href":"https:\/\/catedraldemallorca.org\/ca\/wp-json\/wp\/v2\/comments?post=8739"}],"version-history":[{"count":1,"href":"https:\/\/catedraldemallorca.org\/ca\/wp-json\/wp\/v2\/posts\/8739\/revisions"}],"predecessor-version":[{"id":8740,"href":"https:\/\/catedraldemallorca.org\/ca\/wp-json\/wp\/v2\/posts\/8739\/revisions\/8740"}],"wp:featuredmedia":[{"embeddable":true,"href":"https:\/\/catedraldemallorca.org\/ca\/wp-json\/wp\/v2\/media\/8736"}],"wp:attachment":[{"href":"https:\/\/catedraldemallorca.org\/ca\/wp-json\/wp\/v2\/media?parent=8739"}],"wp:term":[{"taxonomy":"category","embeddable":true,"href":"https:\/\/catedraldemallorca.org\/ca\/wp-json\/wp\/v2\/categories?post=8739"},{"taxonomy":"post_tag","embeddable":true,"href":"https:\/\/catedraldemallorca.org\/ca\/wp-json\/wp\/v2\/tags?post=8739"}],"curies":[{"name":"wp","href":"https:\/\/api.w.org\/{rel}","templated":true}]}}