{"id":8810,"date":"2022-06-27T10:12:24","date_gmt":"2022-06-27T08:12:24","guid":{"rendered":"https:\/\/catedraldemallorca.org\/noticies\/larxiu-capitular-incorpora-nous-instruments-de-descripcio\/"},"modified":"2022-06-27T10:12:24","modified_gmt":"2022-06-27T08:12:24","slug":"larxiu-capitular-incorpora-nous-instruments-de-descripcio","status":"publish","type":"post","link":"https:\/\/catedraldemallorca.org\/ca\/noticies\/larxiu-capitular-incorpora-nous-instruments-de-descripcio\/","title":{"rendered":"L&#8217;Arxiu Capitular incorpora nous instruments de descripci\u00f3"},"content":{"rendered":"<p><em>L\u2019Arxiu Capitular de Mallorca (ACM) posa a disposici\u00f3 dels investigadors una descripci\u00f3 parcial de<strong> \u2018Cuadernos y papeles sueltos\u2019<\/strong>. <\/em><\/p>\n<p>Es tracta d\u2019una secci\u00f3 voluminosa per\u00f2 descrita breument al <strong><em>Cat\u00e1logo del Archivo Capitular de Mallorca<\/em><\/strong>, cat\u00e0leg elaborat per Mn. Josep Miralles Sbert entre 1896 i 1901.<\/p>\n<p>Als darrers anys com a canonge arxiver (1913 i 1914), Mn. Josep Miralles inici\u00e0 la descripci\u00f3 que avui veu la llum. Malgrat que la voluntat del Cap\u00edtol era continuar la descripci\u00f3, aquesta tasca qued\u00e0 aturada quan Miralles fou nomenat bisbe de Lleida. Amb tot, va ser represa per Mn. Miquel Alcover Castanyer (canonge arxiver de 1922 a 1962), i Mn. Rafel Caldentey Prohens (canonge arxiver de 1962 a 1964) la intent\u00e0 publicar sense \u00e8xit el 1964.<\/p>\n<p>Aquesta descripci\u00f3 no \u00e9s completa, per\u00f2 amplia la informaci\u00f3 sobre alguns dels documents que conformen la secci\u00f3 i en facilita la seva consulta. Trobareu aquesta descripci\u00f3, aix\u00ed com tamb\u00e9 la dels fons privats catalogats i el cat\u00e0leg, a la web de l\u2019ACM: <a href=\"https:\/\/blog.catedraldemallorca.org\/ca\/arxiu\/cataleg-i-inventaris\/\">https:\/\/blog.catedraldemallorca.org\/ca\/arxiu\/cataleg-i-inventaris\/<\/a><\/p>\n","protected":false},"excerpt":{"rendered":"<p>L\u2019Arxiu Capitular de Mallorca (ACM) posa a disposici\u00f3 dels investigadors una descripci\u00f3 parcial de \u2018Cuadernos y papeles sueltos\u2019. Es tracta d\u2019una secci\u00f3 voluminosa per\u00f2 descrita breument al Cat\u00e1logo del Archivo Capitular de Mallorca, cat\u00e0leg elaborat per Mn. Josep Miralles Sbert entre 1896 i 1901. Als darrers anys com a canonge arxiver (1913 i 1914), Mn. [&hellip;]<\/p>\n","protected":false},"author":2,"featured_media":8807,"comment_status":"closed","ping_status":"closed","sticky":false,"template":"","format":"standard","meta":{"_et_pb_use_builder":"","_et_pb_old_content":"","_et_gb_content_width":"","footnotes":""},"categories":[43],"tags":[],"class_list":["post-8810","post","type-post","status-publish","format-standard","has-post-thumbnail","hentry","category-noticies"],"_links":{"self":[{"href":"https:\/\/catedraldemallorca.org\/ca\/wp-json\/wp\/v2\/posts\/8810","targetHints":{"allow":["GET"]}}],"collection":[{"href":"https:\/\/catedraldemallorca.org\/ca\/wp-json\/wp\/v2\/posts"}],"about":[{"href":"https:\/\/catedraldemallorca.org\/ca\/wp-json\/wp\/v2\/types\/post"}],"author":[{"embeddable":true,"href":"https:\/\/catedraldemallorca.org\/ca\/wp-json\/wp\/v2\/users\/2"}],"replies":[{"embeddable":true,"href":"https:\/\/catedraldemallorca.org\/ca\/wp-json\/wp\/v2\/comments?post=8810"}],"version-history":[{"count":0,"href":"https:\/\/catedraldemallorca.org\/ca\/wp-json\/wp\/v2\/posts\/8810\/revisions"}],"wp:featuredmedia":[{"embeddable":true,"href":"https:\/\/catedraldemallorca.org\/ca\/wp-json\/wp\/v2\/media\/8807"}],"wp:attachment":[{"href":"https:\/\/catedraldemallorca.org\/ca\/wp-json\/wp\/v2\/media?parent=8810"}],"wp:term":[{"taxonomy":"category","embeddable":true,"href":"https:\/\/catedraldemallorca.org\/ca\/wp-json\/wp\/v2\/categories?post=8810"},{"taxonomy":"post_tag","embeddable":true,"href":"https:\/\/catedraldemallorca.org\/ca\/wp-json\/wp\/v2\/tags?post=8810"}],"curies":[{"name":"wp","href":"https:\/\/api.w.org\/{rel}","templated":true}]}}