{"id":9281,"date":"2022-09-13T10:40:00","date_gmt":"2022-09-13T08:40:00","guid":{"rendered":"https:\/\/catedraldemallorca.org\/noticies\/presentam-el-programa-de-visites-escolars-pel-curs-2022-23\/"},"modified":"2024-05-10T06:47:58","modified_gmt":"2024-05-10T04:47:58","slug":"presentam-el-programa-de-visites-escolars-pel-curs-2022-23","status":"publish","type":"post","link":"https:\/\/catedraldemallorca.org\/ca\/noticies\/presentam-el-programa-de-visites-escolars-pel-curs-2022-23\/","title":{"rendered":"Presentam el programa de visites escolars pel curs 2022-23"},"content":{"rendered":"<p>El curs escolar ja est\u00e0 aqu\u00ed i el Cap\u00edtol Catedral de Mallorca presenta el programa educatiu per al curs escolar 2022-2023. Aquest es compon de diverses visites i visites-taller a La Seu i al Museu d&#8217;Art Sacre de Mallorca. Les visites escolars estan dirigides a alumnes de tots els nivells educatius: educaci\u00f3 infantil, primaria, secundaria, batxillerat, formaci\u00f3 profesional i educaci\u00f3 per adults. Cal destacar que disposem de diferents tipus de recorreguts adaptats al peri\u00f2de acad\u00e8mic de l&#8217;alumne, on els continguts i les metodologies varien. L&#8217;objectiu d&#8217;aquestes visites \u00e9s que els joves coneguin la hist\u00f2ria, la cultura, l&#8217;art i l&#8217;espiritualitat de la Catedral de Mallorca i del MASM. Tamb\u00e9 es pret\u00e9n fomentar la valoraci\u00f3, l&#8217;estima i cura del nostre patrimoni religi\u00f3s. Les visites guiades tenen una durada aproximada d&#8217;una hora o d&#8217;una hora i mitja, en el cas que es complementin amb un taller. L&#8217;horari de les visites \u00e9s de dilluns a divendres de 10:00 h a 13:00 h i tenen un cost de 2 \u20ac per alumne (entrada gratu\u00efta per al professorat). A m\u00e9s, disposem de material did\u00e0ctic per preparar la visita i repassar all\u00f2 apr\u00e8s posteriorment a l&#8217;aula. Consulta el <a href=\"https:\/\/www.museuartsacredemallorca.org\/storage\/app\/media\/uploaded-files\/Programa_Educatiu_2022-23.pdf\">programa educatiu<\/a> i pose&#8217;t amb contacte amb la secci\u00f3 de projectes educatius mitjan\u00e7ant el correu <a href=\"mailto:visitas@catedraldemallorca.org\">visitas@catedraldemallorca.org<\/a> per programar una visita.<\/p>\n","protected":false},"excerpt":{"rendered":"<p>L&#8217;objectiu d&#8217;aquestes visites escolars \u00e9s que els joves coneguin la hist\u00f2ria, la cultura, l&#8217;art i l&#8217;espiritualitat de la Catedral de Mallorca i del MASM. Tamb\u00e9 es pret\u00e9n fomentar la valoraci\u00f3, l&#8217;estima i cura del nostre patrimoni religi\u00f3s.<\/p>\n","protected":false},"author":2,"featured_media":9268,"comment_status":"closed","ping_status":"closed","sticky":false,"template":"","format":"standard","meta":{"_et_pb_use_builder":"","_et_pb_old_content":"","_et_gb_content_width":"","footnotes":""},"categories":[43],"tags":[100,99,86,98],"class_list":["post-9281","post","type-post","status-publish","format-standard","has-post-thumbnail","hentry","category-noticies","tag-museu","tag-programa-educatiu","tag-visita-guiada","tag-visites-escolars"],"_links":{"self":[{"href":"https:\/\/catedraldemallorca.org\/ca\/wp-json\/wp\/v2\/posts\/9281","targetHints":{"allow":["GET"]}}],"collection":[{"href":"https:\/\/catedraldemallorca.org\/ca\/wp-json\/wp\/v2\/posts"}],"about":[{"href":"https:\/\/catedraldemallorca.org\/ca\/wp-json\/wp\/v2\/types\/post"}],"author":[{"embeddable":true,"href":"https:\/\/catedraldemallorca.org\/ca\/wp-json\/wp\/v2\/users\/2"}],"replies":[{"embeddable":true,"href":"https:\/\/catedraldemallorca.org\/ca\/wp-json\/wp\/v2\/comments?post=9281"}],"version-history":[{"count":3,"href":"https:\/\/catedraldemallorca.org\/ca\/wp-json\/wp\/v2\/posts\/9281\/revisions"}],"predecessor-version":[{"id":13884,"href":"https:\/\/catedraldemallorca.org\/ca\/wp-json\/wp\/v2\/posts\/9281\/revisions\/13884"}],"wp:featuredmedia":[{"embeddable":true,"href":"https:\/\/catedraldemallorca.org\/ca\/wp-json\/wp\/v2\/media\/9268"}],"wp:attachment":[{"href":"https:\/\/catedraldemallorca.org\/ca\/wp-json\/wp\/v2\/media?parent=9281"}],"wp:term":[{"taxonomy":"category","embeddable":true,"href":"https:\/\/catedraldemallorca.org\/ca\/wp-json\/wp\/v2\/categories?post=9281"},{"taxonomy":"post_tag","embeddable":true,"href":"https:\/\/catedraldemallorca.org\/ca\/wp-json\/wp\/v2\/tags?post=9281"}],"curies":[{"name":"wp","href":"https:\/\/api.w.org\/{rel}","templated":true}]}}