{"id":9337,"date":"2022-09-21T10:48:15","date_gmt":"2022-09-21T08:48:15","guid":{"rendered":"https:\/\/catedraldemallorca.org\/?p=9337"},"modified":"2024-05-10T06:43:13","modified_gmt":"2024-05-10T04:43:13","slug":"lescolania-vermells-de-la-seu-convoca-una-prova-dacces-pel-curs-2022-23","status":"publish","type":"post","link":"https:\/\/catedraldemallorca.org\/ca\/noticies\/lescolania-vermells-de-la-seu-convoca-una-prova-dacces-pel-curs-2022-23\/","title":{"rendered":"L\u2019Escolania Vermells de La Seu convoca una prova d\u2019acc\u00e9s pel curs 2022-23"},"content":{"rendered":"<p>A la Catedral de Mallorca cercam nins i nines entre 7 i 14 anys per incorporar-se al nostre cor infantil. L\u2019audici\u00f3 es realitzar\u00e0 el pr\u00f2xim \u00a0<strong>24 de setembre, a les 10:00 h<\/strong>, a la catedral. La inscripci\u00f3 \u00e9s a trav\u00e9s de correu electr\u00f2nic o tel\u00e8fon.<\/p>\n<p>L&#8217;Escolania Vermells de La Seu es va crear en el segle XIV i des de llavors ha tingut diverses fases. Aquest curs, els alumnes seran dirigits per la Sra. Gloria Ber\u00f3n i cada mes participaran a l&#8217;Eucaristia Dominical i a altres activitats com trobades corals o festivals internacionals. A m\u00e9s, tindran l\u2019oportunitat de con\u00e8ixer diferents llocs de l\u2019illa i diversos pa\u00efsos juntament amb els seus amics i familiars.<\/p>\n<p>Tradici\u00f3, dedicaci\u00f3 i cohesi\u00f3 s\u00f3n alguns dels valors que ensenyem als Vermells, i que tan importants s\u00f3n pel seu futur. Perqu\u00e8 no sols es tracta de cantar, sin\u00f3 d\u2019aprendre i viure una experi\u00e8ncia \u00fanica en la vida, creant vincles amb altres estudiants que comparteixen les mateixes passions.<\/p>\n<p>Els estudis musicals que donem a La Seu s\u00f3n totalment gratu\u00efts. L\u2019\u00fanic tr\u00e0mit a realitzar \u00e9s inscriure-se a la prova d\u2019acc\u00e9s que durem a terme aquest dissabte, dia 24 de setembre. L\u2019audici\u00f3 consistir\u00e0 amb un petit examen vocal i auditiu. No importa el nivell musical del aspirants, l\u2019Escolania s\u2019encarregar\u00e0 de formar-los.<\/p>\n<p>Contacta amb La Seu a trav\u00e9s de l&#8217;adre\u00e7a del correu electr\u00f2nic: <a href=\"mailto:escolania@catedraldemallorca.org\">escolania@catedraldemallorca.org <\/a>o mitjan\u00e7ant el tel\u00e8fon 971 713 133.<\/p>\n","protected":false},"excerpt":{"rendered":"<p>La escolania Vermells de La Seu cerca nins i nines entre 7 i 14 anys per incorporar-se al seu cor infantil. L\u2019audici\u00f3 es realitzar\u00e0 el pr\u00f2xim dissabte 24 de setembre, a les 10:00 h, a la catedral. La inscripci\u00f3 \u00e9s a trav\u00e9s de correu electr\u00f2nic o tel\u00e8fon.<\/p>\n","protected":false},"author":2,"featured_media":9334,"comment_status":"closed","ping_status":"closed","sticky":false,"template":"","format":"standard","meta":{"_et_pb_use_builder":"","_et_pb_old_content":"","_et_gb_content_width":"","footnotes":""},"categories":[43],"tags":[113,114,112,111],"class_list":["post-9337","post","type-post","status-publish","format-standard","has-post-thumbnail","hentry","category-noticies","tag-audicio","tag-escolania-ca","tag-prova-dacces","tag-vermells-de-la-seu-ca"],"_links":{"self":[{"href":"https:\/\/catedraldemallorca.org\/ca\/wp-json\/wp\/v2\/posts\/9337","targetHints":{"allow":["GET"]}}],"collection":[{"href":"https:\/\/catedraldemallorca.org\/ca\/wp-json\/wp\/v2\/posts"}],"about":[{"href":"https:\/\/catedraldemallorca.org\/ca\/wp-json\/wp\/v2\/types\/post"}],"author":[{"embeddable":true,"href":"https:\/\/catedraldemallorca.org\/ca\/wp-json\/wp\/v2\/users\/2"}],"replies":[{"embeddable":true,"href":"https:\/\/catedraldemallorca.org\/ca\/wp-json\/wp\/v2\/comments?post=9337"}],"version-history":[{"count":4,"href":"https:\/\/catedraldemallorca.org\/ca\/wp-json\/wp\/v2\/posts\/9337\/revisions"}],"predecessor-version":[{"id":13877,"href":"https:\/\/catedraldemallorca.org\/ca\/wp-json\/wp\/v2\/posts\/9337\/revisions\/13877"}],"wp:featuredmedia":[{"embeddable":true,"href":"https:\/\/catedraldemallorca.org\/ca\/wp-json\/wp\/v2\/media\/9334"}],"wp:attachment":[{"href":"https:\/\/catedraldemallorca.org\/ca\/wp-json\/wp\/v2\/media?parent=9337"}],"wp:term":[{"taxonomy":"category","embeddable":true,"href":"https:\/\/catedraldemallorca.org\/ca\/wp-json\/wp\/v2\/categories?post=9337"},{"taxonomy":"post_tag","embeddable":true,"href":"https:\/\/catedraldemallorca.org\/ca\/wp-json\/wp\/v2\/tags?post=9337"}],"curies":[{"name":"wp","href":"https:\/\/api.w.org\/{rel}","templated":true}]}}