{"id":9352,"date":"2022-09-21T11:52:56","date_gmt":"2022-09-21T09:52:56","guid":{"rendered":"https:\/\/catedraldemallorca.org\/?p=9352"},"modified":"2024-05-10T06:44:17","modified_gmt":"2024-05-10T04:44:17","slug":"visita-guiada-descobreix-la-seu","status":"publish","type":"post","link":"https:\/\/catedraldemallorca.org\/ca\/noticies\/visita-guiada-descobreix-la-seu\/","title":{"rendered":"Visita guiada Descobreix La Seu"},"content":{"rendered":"<p>Els or\u00edgens de la Catedral de Mallorca, tamb\u00e9 coneguda com La Seu entre els mallorquins, es remunten en el segle XIII, quan Jaume I conquesta Madina Mayurqa el 1229. Aquest mateix any, el rei, ordena\u00a0consagrar l&#8217;antiga mesquita com a temple per al culte cristi\u00e0 en nom de la Mare de D\u00e9u. Per aquests motius, en la construcci\u00f3 del temple que encara conservem avui dia, s&#8217;aprofita el mateix espai, aportant-li l&#8217;estil g\u00f2tic mediterrani tradicional de la monarquia. Per\u00f2 no \u00e9s fins a la d\u00e8cada de 1630 que es culmina amb la seva construcci\u00f3.<\/p>\n<p>Al llarg d&#8217;aquests anys la nostra catedral ha passat per distintes fases i ha acollit molts moments hist\u00f2rics en el seu interior, com seria la reforma lit\u00fargica dirigida per\u00a0Antoni Gaud\u00ed.\u00a0En aquesta visita, Descobreix La Seu, s&#8217;explicar\u00e0 des d&#8217;un punt de vista general, el significat i import\u00e0ncia de la nostra catedral com a esgl\u00e9sia principal de la Di\u00f2cesi mallorquina.\u00a0El recorregut se centrar\u00e0 en la seva hist\u00f2ria i les obres m\u00e9s significatives i singulars que cont\u00e9 en el seu interior. La visita es realitzar\u00e0 el dia 28 de setembre, l&#8217;hora d&#8217;inici \u00e9s a les 10:00h en catal\u00e0 i a les 11:30h en castell\u00e0. La durada \u00e9s de 75 minuts i el punt de trobada \u00e9s el Portal del Mirador.<\/p>\n<p style=\"text-align: left;\">Pots reservar la teva entrada a l&#8217;enlla\u00e7 que hi ha a continuaci\u00f3: <a href=\"https:\/\/catedraldemallorca.entradasdemuseos.com\/visit\/visita-guiada-descubre-la-catedral-de-mallorca\">https:\/\/catedraldemallorca.entradasdemuseos.com\/visit\/visita-guiada-descubre-la-catedral-de-mallorca<\/a><\/p>\n","protected":false},"excerpt":{"rendered":"<p>En aquesta visita, Descobreix La Seu, s&#8217;explicar\u00e0 des d&#8217;un punt de vista general, el significat i import\u00e0ncia de La Seu com a esgl\u00e9sia principal de la Di\u00f2cesi mallorquina.\u00a0El recorregut se centrar\u00e0 en la seva hist\u00f2ria i les obres m\u00e9s significatives i singulars que cont\u00e9 en el seu interior.<\/p>\n","protected":false},"author":2,"featured_media":9355,"comment_status":"closed","ping_status":"closed","sticky":false,"template":"","format":"standard","meta":{"_et_pb_use_builder":"","_et_pb_old_content":"","_et_gb_content_width":"","footnotes":""},"categories":[43],"tags":[116,86],"class_list":["post-9352","post","type-post","status-publish","format-standard","has-post-thumbnail","hentry","category-noticies","tag-descobreix-la-seu","tag-visita-guiada"],"_links":{"self":[{"href":"https:\/\/catedraldemallorca.org\/ca\/wp-json\/wp\/v2\/posts\/9352","targetHints":{"allow":["GET"]}}],"collection":[{"href":"https:\/\/catedraldemallorca.org\/ca\/wp-json\/wp\/v2\/posts"}],"about":[{"href":"https:\/\/catedraldemallorca.org\/ca\/wp-json\/wp\/v2\/types\/post"}],"author":[{"embeddable":true,"href":"https:\/\/catedraldemallorca.org\/ca\/wp-json\/wp\/v2\/users\/2"}],"replies":[{"embeddable":true,"href":"https:\/\/catedraldemallorca.org\/ca\/wp-json\/wp\/v2\/comments?post=9352"}],"version-history":[{"count":6,"href":"https:\/\/catedraldemallorca.org\/ca\/wp-json\/wp\/v2\/posts\/9352\/revisions"}],"predecessor-version":[{"id":13879,"href":"https:\/\/catedraldemallorca.org\/ca\/wp-json\/wp\/v2\/posts\/9352\/revisions\/13879"}],"wp:featuredmedia":[{"embeddable":true,"href":"https:\/\/catedraldemallorca.org\/ca\/wp-json\/wp\/v2\/media\/9355"}],"wp:attachment":[{"href":"https:\/\/catedraldemallorca.org\/ca\/wp-json\/wp\/v2\/media?parent=9352"}],"wp:term":[{"taxonomy":"category","embeddable":true,"href":"https:\/\/catedraldemallorca.org\/ca\/wp-json\/wp\/v2\/categories?post=9352"},{"taxonomy":"post_tag","embeddable":true,"href":"https:\/\/catedraldemallorca.org\/ca\/wp-json\/wp\/v2\/tags?post=9352"}],"curies":[{"name":"wp","href":"https:\/\/api.w.org\/{rel}","templated":true}]}}