{"id":9460,"date":"2022-10-10T12:58:11","date_gmt":"2022-10-10T10:58:11","guid":{"rendered":"https:\/\/catedraldemallorca.org\/?p=9460"},"modified":"2024-05-10T06:48:29","modified_gmt":"2024-05-10T04:48:29","slug":"les-inscripcions-a-lescolania-dels-vermells-segueixen-ofertes","status":"publish","type":"post","link":"https:\/\/catedraldemallorca.org\/ca\/noticies\/les-inscripcions-a-lescolania-dels-vermells-segueixen-ofertes\/","title":{"rendered":"Les inscripcions a l&#8217;Escolania dels Vermells segueixen ofertes"},"content":{"rendered":"<p>La nostra nova directora, Gloria Ber\u00f3n, va dirigir dissabte passat, 24 de setembre, les proves d&#8217;acc\u00e9s per a l&#8217;Escolania dels Vermells. L&#8217;audici\u00f3, que consistia en un petit examen vocal i auditiu, estava dirigida a nins i nines d&#8217;entre 7 i 14 anys. Per\u00f2 des de la Catedral de Mallorca volem donar l&#8217;oportunitat a aquells cantaires que no van poder acudir d&#8217;apuntar-se a l&#8217;escolania fins al 4 d&#8217;octubre i realitzar una prova individual.<\/p>\n<p>L&#8217;Escolania \u00abVermells de La Seu\u00bb es va crear en el segle XIV i des de llavors ha tingut diverses etapes.\u00a0Aquest curs, els alumnes seran dirigits per la Sra. Gloria Ber\u00f3n, i cada mes\u00a0participaran a l&#8217;Eucaristia Dominical i a altres activitats com trobades\u00a0corals o festivals internacionals. A m\u00e9s, tindran l&#8217;oportunitat de\u00a0con\u00e8ixer diferents llocs de l&#8217;illa i diferents pa\u00efsos juntament amb els seus amics\u00a0i familiars.<\/p>\n<p>Tradici\u00f3, dedicaci\u00f3 i cohesi\u00f3 s\u00f3n alguns dels valors que ensenyem als Vermells, i que tan importants s\u00f3n pel seu futur. Perqu\u00e8 no sols es tracta de cantar, sin\u00f3 d&#8217;aprendre i viure una experi\u00e8ncia \u00fanica en la vida, creant vincles amb altres estudiants que comparteixen les mateixes passions.<\/p>\n<p>Els estudis musicals que donem en La Seu s\u00f3n totalment gratu\u00efts. L&#8217;\u00fanic tr\u00e0mit a realitzar \u00e9s inscriure&#8217;s a trav\u00e9s d&#8217;un correu electr\u00f2nic, o b\u00e9 cridar a La Seu. No importa el nivell musical dels aspirants, l&#8217;Escolania s&#8217;encarregar\u00e0 de formar-los.<\/p>\n<p>Per a inscripcions o m\u00e9s informaci\u00f3 contacta amb nosaltres a trav\u00e9s de l&#8217;adre\u00e7a del correu electr\u00f2nic: escolania@catedraldemallorca.org o mitjan\u00e7ant el tel\u00e8fon 971 713 133<\/p>\n","protected":false},"excerpt":{"rendered":"<p>Les inscripcions de l&#8217;escolania continuen obertes. Des de la Catedral de Mallorca volem donar l&#8217;oportunitat a aquells cantors que no van poder acudir, d&#8217;apuntar-se a l&#8217;escolania fins al 4 d&#8217;octubre i realitzar una prova individual.<\/p>\n","protected":false},"author":2,"featured_media":9458,"comment_status":"closed","ping_status":"closed","sticky":false,"template":"","format":"standard","meta":{"_et_pb_use_builder":"","_et_pb_old_content":"","_et_gb_content_width":"","footnotes":""},"categories":[43],"tags":[],"class_list":["post-9460","post","type-post","status-publish","format-standard","has-post-thumbnail","hentry","category-noticies"],"_links":{"self":[{"href":"https:\/\/catedraldemallorca.org\/ca\/wp-json\/wp\/v2\/posts\/9460","targetHints":{"allow":["GET"]}}],"collection":[{"href":"https:\/\/catedraldemallorca.org\/ca\/wp-json\/wp\/v2\/posts"}],"about":[{"href":"https:\/\/catedraldemallorca.org\/ca\/wp-json\/wp\/v2\/types\/post"}],"author":[{"embeddable":true,"href":"https:\/\/catedraldemallorca.org\/ca\/wp-json\/wp\/v2\/users\/2"}],"replies":[{"embeddable":true,"href":"https:\/\/catedraldemallorca.org\/ca\/wp-json\/wp\/v2\/comments?post=9460"}],"version-history":[{"count":4,"href":"https:\/\/catedraldemallorca.org\/ca\/wp-json\/wp\/v2\/posts\/9460\/revisions"}],"predecessor-version":[{"id":13886,"href":"https:\/\/catedraldemallorca.org\/ca\/wp-json\/wp\/v2\/posts\/9460\/revisions\/13886"}],"wp:featuredmedia":[{"embeddable":true,"href":"https:\/\/catedraldemallorca.org\/ca\/wp-json\/wp\/v2\/media\/9458"}],"wp:attachment":[{"href":"https:\/\/catedraldemallorca.org\/ca\/wp-json\/wp\/v2\/media?parent=9460"}],"wp:term":[{"taxonomy":"category","embeddable":true,"href":"https:\/\/catedraldemallorca.org\/ca\/wp-json\/wp\/v2\/categories?post=9460"},{"taxonomy":"post_tag","embeddable":true,"href":"https:\/\/catedraldemallorca.org\/ca\/wp-json\/wp\/v2\/tags?post=9460"}],"curies":[{"name":"wp","href":"https:\/\/api.w.org\/{rel}","templated":true}]}}