{"id":9481,"date":"2022-10-24T08:22:57","date_gmt":"2022-10-24T06:22:57","guid":{"rendered":"https:\/\/catedraldemallorca.org\/?p=9481"},"modified":"2024-05-10T06:41:51","modified_gmt":"2024-05-10T04:41:51","slug":"5a-edicio-de-la-exposicio-infantil-de-nadal-tu-ets-lartista","status":"publish","type":"post","link":"https:\/\/catedraldemallorca.org\/ca\/noticies\/5a-edicio-de-la-exposicio-infantil-de-nadal-tu-ets-lartista\/","title":{"rendered":"5\u00aa Edici\u00f3 de la Exposici\u00f3 Infantil de Nadal \u00abTu ets l&#8217;Artista!\u00bb"},"content":{"rendered":"<p>[et_pb_section fb_built=\u00bb1&#8243; _builder_version=\u00bb4.16&#8243; global_colors_info=\u00bb{}\u00bb][et_pb_row _builder_version=\u00bb4.16&#8243; background_size=\u00bbinitial\u00bb background_position=\u00bbtop_left\u00bb background_repeat=\u00bbrepeat\u00bb global_colors_info=\u00bb{}\u00bb][et_pb_column type=\u00bb4_4&#8243; _builder_version=\u00bb4.16&#8243; custom_padding=\u00bb|||\u00bb global_colors_info=\u00bb{}\u00bb custom_padding__hover=\u00bb|||\u00bb][et_pb_text _builder_version=\u00bb4.19.0&#8243; background_size=\u00bbinitial\u00bb background_position=\u00bbtop_left\u00bb background_repeat=\u00bbrepeat\u00bb hover_enabled=\u00bb0&#8243; global_colors_info=\u00bb{}\u00bb sticky_enabled=\u00bb0&#8243;]<\/p>\n<p>Enguany la Catedral de Mallorca acull la 5a edici\u00f3 de l\u2019<b>Exposici\u00f3 Infantil de Nadal \u201cTu ets l\u2019Artista!\u201d<\/b>. Un projecte que consisteix en el muntatge d\u2019una exposici\u00f3 a partir de les obres que elaborin els infants participants.<\/p>\n<p>Es convida a participar als nens d\u2019entre 3 i 12 anys que estiguin cursant Educaci\u00f3 Infantil o Educaci\u00f3 Prim\u00e0ria. Les inscripcions poden ser a trav\u00e9s del centre educatiu o de manera particular, ja sigui en grup, en parella o individualment.<\/p>\n<p>El tema de l\u2019exposici\u00f3, com cada any, \u00e9s el naixement de Jes\u00fas o la representaci\u00f3 del Betlem. A partir d\u2019aquest tema, els nens mitjan\u00e7ant la t\u00e8cnica que prefereixin (collage, aquarel\u00b7la, retolador, purpurina\u2026) hauran de presentar els dibuixos en una cartolina A3. Tots els dibuixos han d\u2019estar identificats en la part de davant amb el nom (sense el cognom), edat o curs, i en la part de darrere nom i cognom, centre i classe si escau.<\/p>\n<p>Les places s\u00f3n limitades, per aquests motius \u00e9s obligat\u00f2ria la pr\u00e8via inscripci\u00f3. Els interessats hauran d\u2019escriure un correu electr\u00f2nic indicant el nombre de participants a\u00a0<b>visitas@catedraldemallorca.org<\/b>. La data l\u00edmit per a inscriure\u2019s \u00e9s el\u00a0<b>21 de novembre.<\/b><\/p>\n<p>Els dibuixos s\u2019han d\u2019enviar abans del 5 de desembre a les oficines del Cap\u00edtol Catedral de Mallorca (C\/Capiscolat, 2n 1r, L-V 9h-13 h) o a la recepci\u00f3 del Museu d\u2019Art Sacre de Mallorca (C\/Mirador, 5 L-V 10h-13 h).<span class=\"Apple-converted-space\">\u00a0<\/span><\/p>\n<p>Finalment, el dissabte\u00a0<b>17 de desembre<\/b>\u00a0a les\u00a0<b>11:00 h<\/b> s\u2019inaugurar\u00e0 l\u2019exposici\u00f3 a l\u2019interior de la Catedral, en la qual estaran convidats els nens, familiars i professors. Durant l\u2019acte, l\u2019Escolania dels Vermells cantar\u00e0 unes nadales i es lliurar\u00e0 un diploma i un petit regal a tots els nins i nines participants<strong> fins a les 14:15.<\/strong><\/p>\n<p>Consulta el\u00a0<a href=\"https:\/\/catedraldemallorca.org\/wp-content\/uploads\/2022\/10\/2022_Fulleto-Tu-Ets-lArtista_CAT.pdf\" target=\"_blank\" rel=\"noopener\">Fullet\u00f3 informatiu<\/a><\/p>\n<p>Consulta el <a href=\"https:\/\/catedraldemallorca.org\/wp-content\/uploads\/2022\/10\/2022_Folleto-Tu-Ets-lArtista_CAST.pdf\" target=\"_blank\" rel=\"noopener\">Fullet\u00f3 informatiu<\/a><\/p>\n<p>[\/et_pb_text][\/et_pb_column][\/et_pb_row][\/et_pb_section]<\/p>\n","protected":false},"excerpt":{"rendered":"<p>Enguany la Catedral de Mallorca acull la 5a edici\u00f3 de l&#8217;Exposici\u00f3 Infantil de Nadal \u201cTu ets l\u2019Artista!\u201d. Un projecte que consisteix en el muntatge d&#8217;una exposici\u00f3 a partir de les obres que elaborin els infants participants.<\/p>\n","protected":false},"author":2,"featured_media":9484,"comment_status":"closed","ping_status":"closed","sticky":false,"template":"","format":"standard","meta":{"_et_pb_use_builder":"on","_et_pb_old_content":"","_et_gb_content_width":"","footnotes":""},"categories":[43],"tags":[],"class_list":["post-9481","post","type-post","status-publish","format-standard","has-post-thumbnail","hentry","category-noticies"],"_links":{"self":[{"href":"https:\/\/catedraldemallorca.org\/ca\/wp-json\/wp\/v2\/posts\/9481","targetHints":{"allow":["GET"]}}],"collection":[{"href":"https:\/\/catedraldemallorca.org\/ca\/wp-json\/wp\/v2\/posts"}],"about":[{"href":"https:\/\/catedraldemallorca.org\/ca\/wp-json\/wp\/v2\/types\/post"}],"author":[{"embeddable":true,"href":"https:\/\/catedraldemallorca.org\/ca\/wp-json\/wp\/v2\/users\/2"}],"replies":[{"embeddable":true,"href":"https:\/\/catedraldemallorca.org\/ca\/wp-json\/wp\/v2\/comments?post=9481"}],"version-history":[{"count":9,"href":"https:\/\/catedraldemallorca.org\/ca\/wp-json\/wp\/v2\/posts\/9481\/revisions"}],"predecessor-version":[{"id":13876,"href":"https:\/\/catedraldemallorca.org\/ca\/wp-json\/wp\/v2\/posts\/9481\/revisions\/13876"}],"wp:featuredmedia":[{"embeddable":true,"href":"https:\/\/catedraldemallorca.org\/ca\/wp-json\/wp\/v2\/media\/9484"}],"wp:attachment":[{"href":"https:\/\/catedraldemallorca.org\/ca\/wp-json\/wp\/v2\/media?parent=9481"}],"wp:term":[{"taxonomy":"category","embeddable":true,"href":"https:\/\/catedraldemallorca.org\/ca\/wp-json\/wp\/v2\/categories?post=9481"},{"taxonomy":"post_tag","embeddable":true,"href":"https:\/\/catedraldemallorca.org\/ca\/wp-json\/wp\/v2\/tags?post=9481"}],"curies":[{"name":"wp","href":"https:\/\/api.w.org\/{rel}","templated":true}]}}