{"id":9754,"date":"2022-11-09T12:42:28","date_gmt":"2022-11-09T11:42:28","guid":{"rendered":"https:\/\/catedraldemallorca.org\/?p=9754"},"modified":"2024-05-10T06:45:34","modified_gmt":"2024-05-10T04:45:34","slug":"concert-santa-cecilia","status":"publish","type":"post","link":"https:\/\/catedraldemallorca.org\/ca\/noticies\/concert-santa-cecilia\/","title":{"rendered":"Concert Santa Cec\u00edlia"},"content":{"rendered":"<p><span style=\"font-family: Open Sans,Helvetica,Arial,sans-serif;\">Amb motiu de la celebraci\u00f3 de Santa Cec\u00edlia, la Capella de\u00a0<\/span><span style=\"font-family: Open Sans,Helvetica,Arial,sans-serif;\">La<\/span><span style=\"font-family: Open Sans,Helvetica,Arial,sans-serif;\">\u00a0Seu, realitzar\u00e0 un concert el dissabte dia 19 de novembre, a les 20:00 h, sota la direcci\u00f3 del Sr. Joan Company.\u00a0Les portes de la Catedral romandran obertes al p\u00fablic fins a emplenar aforament, ja que el concert \u00e9s totalment gratu\u00eft i de lliure entrada.\u00a0<\/span><\/p>\n<p><span style=\"font-family: Open Sans,Helvetica,Arial,sans-serif;\">La Capella de la Seu\u00a0<\/span><span style=\"font-family: Open Sans,Helvetica,Arial,sans-serif;\">\u00e9s<\/span><span style=\"font-family: Open Sans,Helvetica,Arial,sans-serif;\">\u00a0el\u00a0<\/span><span style=\"font-family: Open Sans,Helvetica,Arial,sans-serif;\">cor<\/span><span style=\"font-family: Open Sans,Helvetica,Arial,sans-serif;\">\u00a0oficial de la Catedral, el qual participa habitualment els diumenges a les 10:30\u202fh, per\u00f2 tamb\u00e9 interv\u00e9 a distintes celebracions de\u00a0<\/span><span style=\"font-family: Open Sans,Helvetica,Arial,sans-serif;\">La<\/span><span style=\"font-family: Open Sans,Helvetica,Arial,sans-serif;\">\u00a0Seu, com \u00e9s la de Santa Cec\u00edlia, on la finalitat \u00e9s commemorar el dia de la patrona de la m\u00fasica, que oficialment \u00e9s el dia 22 de novembre.<\/span><\/p>\n<p>&nbsp;<\/p>\n<p><img decoding=\"async\" class=\"alignnone wp-image-9749 size-full\" src=\"https:\/\/catedraldemallorca.org\/wp-content\/uploads\/2022\/11\/Santa-cecilia-scaled.jpg\" alt=\"\" width=\"2048\" height=\"2560\" srcset=\"https:\/\/catedraldemallorca.org\/wp-content\/uploads\/2022\/11\/Santa-cecilia-scaled.jpg 2048w, https:\/\/catedraldemallorca.org\/wp-content\/uploads\/2022\/11\/Santa-cecilia-1280x1600.jpg 1280w, https:\/\/catedraldemallorca.org\/wp-content\/uploads\/2022\/11\/Santa-cecilia-980x1225.jpg 980w, https:\/\/catedraldemallorca.org\/wp-content\/uploads\/2022\/11\/Santa-cecilia-480x600.jpg 480w\" sizes=\"(min-width: 0px) and (max-width: 480px) 480px, (min-width: 481px) and (max-width: 980px) 980px, (min-width: 981px) and (max-width: 1280px) 1280px, (min-width: 1281px) 2048px, 100vw\" \/><\/p>\n","protected":false},"excerpt":{"rendered":"<p>Amb motiu de la celebraci\u00f3 de Santa Cec\u00edlia, la Capella de\u00a0La\u00a0Seu, realitzar\u00e0 un concert el dissabte dia 19 de novembre, a les 20:00 h, sota la direcci\u00f3 del Sr. Joan Company.<\/p>\n","protected":false},"author":2,"featured_media":9758,"comment_status":"closed","ping_status":"closed","sticky":false,"template":"","format":"standard","meta":{"_et_pb_use_builder":"off","_et_pb_old_content":"<span style=\"font-family: Open Sans,Helvetica,Arial,sans-serif;\">Amb motiu de la celebraci\u00f3 de Santa Cec\u00edlia, la Capella de\u00a0<\/span><span style=\"font-family: Open Sans,Helvetica,Arial,sans-serif;\">La<\/span><span style=\"font-family: Open Sans,Helvetica,Arial,sans-serif;\">\u00a0Seu, realitzar\u00e0 un concert el dissabte dia 19 de novembre, a les 20:00 h, sota la direcci\u00f3 del Sr. Joan Company.\u00a0Les portes de la Catedral romandran obertes al p\u00fablic fins a emplenar aforament, ja que el concert \u00e9s totalment gratu\u00eft i de lliure entrada.\u00a0<\/span>\r\n\r\n<span style=\"font-family: Open Sans,Helvetica,Arial,sans-serif;\">La Capella de la Seu\u00a0<\/span><span style=\"font-family: Open Sans,Helvetica,Arial,sans-serif;\">\u00e9s<\/span><span style=\"font-family: Open Sans,Helvetica,Arial,sans-serif;\">\u00a0el\u00a0<\/span><span style=\"font-family: Open Sans,Helvetica,Arial,sans-serif;\">cor<\/span><span style=\"font-family: Open Sans,Helvetica,Arial,sans-serif;\">\u00a0oficial de la Catedral, el qual participa habitualment els diumenges a les 10:30\u202fh, per\u00f2 tamb\u00e9 interv\u00e9 a distintes celebracions de\u00a0<\/span><span style=\"font-family: Open Sans,Helvetica,Arial,sans-serif;\">La<\/span><span style=\"font-family: Open Sans,Helvetica,Arial,sans-serif;\">\u00a0Seu, com \u00e9s la de Santa Cec\u00edlia, on la finalitat \u00e9s commemorar el dia de la patrona de la m\u00fasica, que oficialment \u00e9s el dia 22 de novembre.<\/span>\r\n\r\n\u00a0\r\n\r\n<img class=\"alignnone wp-image-9749 size-full\" src=\"https:\/\/catedraldemallorca.org\/wp-content\/uploads\/2022\/11\/Santa-cecilia-scaled.jpg\" alt=\"\" width=\"2048\" height=\"2560\" \/>","_et_gb_content_width":"","footnotes":""},"categories":[43],"tags":[],"class_list":["post-9754","post","type-post","status-publish","format-standard","has-post-thumbnail","hentry","category-noticies"],"_links":{"self":[{"href":"https:\/\/catedraldemallorca.org\/ca\/wp-json\/wp\/v2\/posts\/9754","targetHints":{"allow":["GET"]}}],"collection":[{"href":"https:\/\/catedraldemallorca.org\/ca\/wp-json\/wp\/v2\/posts"}],"about":[{"href":"https:\/\/catedraldemallorca.org\/ca\/wp-json\/wp\/v2\/types\/post"}],"author":[{"embeddable":true,"href":"https:\/\/catedraldemallorca.org\/ca\/wp-json\/wp\/v2\/users\/2"}],"replies":[{"embeddable":true,"href":"https:\/\/catedraldemallorca.org\/ca\/wp-json\/wp\/v2\/comments?post=9754"}],"version-history":[{"count":15,"href":"https:\/\/catedraldemallorca.org\/ca\/wp-json\/wp\/v2\/posts\/9754\/revisions"}],"predecessor-version":[{"id":13881,"href":"https:\/\/catedraldemallorca.org\/ca\/wp-json\/wp\/v2\/posts\/9754\/revisions\/13881"}],"wp:featuredmedia":[{"embeddable":true,"href":"https:\/\/catedraldemallorca.org\/ca\/wp-json\/wp\/v2\/media\/9758"}],"wp:attachment":[{"href":"https:\/\/catedraldemallorca.org\/ca\/wp-json\/wp\/v2\/media?parent=9754"}],"wp:term":[{"taxonomy":"category","embeddable":true,"href":"https:\/\/catedraldemallorca.org\/ca\/wp-json\/wp\/v2\/categories?post=9754"},{"taxonomy":"post_tag","embeddable":true,"href":"https:\/\/catedraldemallorca.org\/ca\/wp-json\/wp\/v2\/tags?post=9754"}],"curies":[{"name":"wp","href":"https:\/\/api.w.org\/{rel}","templated":true}]}}