{"id":9795,"date":"2022-11-10T12:04:18","date_gmt":"2022-11-10T11:04:18","guid":{"rendered":"https:\/\/catedraldemallorca.org\/noticies\/la-cultura-popular-a-la-catedral-i-el-museu-dart-sacre-de-mallorca\/"},"modified":"2022-11-10T12:11:50","modified_gmt":"2022-11-10T11:11:50","slug":"la-cultura-popular-a-la-catedral-i-el-museu-dart-sacre-de-mallorca","status":"publish","type":"post","link":"https:\/\/catedraldemallorca.org\/ca\/noticias\/la-cultura-popular-a-la-catedral-i-el-museu-dart-sacre-de-mallorca\/","title":{"rendered":"La cultura popular a la Catedral i el Museu d\u2019Art Sacre de Mallorca"},"content":{"rendered":"<p>[et_pb_section fb_built=\u00bb1&#8243; _builder_version=\u00bb4.16&#8243; global_colors_info=\u00bb{}\u00bb][et_pb_row _builder_version=\u00bb4.16&#8243; background_size=\u00bbinitial\u00bb background_position=\u00bbtop_left\u00bb background_repeat=\u00bbrepeat\u00bb global_colors_info=\u00bb{}\u00bb][et_pb_column type=\u00bb4_4&#8243; _builder_version=\u00bb4.16&#8243; custom_padding=\u00bb|||\u00bb global_colors_info=\u00bb{}\u00bb custom_padding__hover=\u00bb|||\u00bb][et_pb_text _builder_version=\u00bb4.19.0&#8243; background_size=\u00bbinitial\u00bb background_position=\u00bbtop_left\u00bb background_repeat=\u00bbrepeat\u00bb global_colors_info=\u00bb{}\u00bb]<\/p>\n<p style=\"text-align: justify;\" data-mce-style=\"text-align: justify;\"><span style=\"font-size: 12.0pt; font-family: 'Helvetica',sans-serif; color: #191919;\" data-mce-style=\"font-size: 12.0pt; font-family: 'Helvetica',sans-serif; color: #191919;\">En aquesta visita, coneixerem les llegendes i hist\u00f2ries populars m\u00e9s famoses relacionades amb La Seu i el Museu d\u2019Art Sacre de Mallorca, com la llegenda del rei Jaume I i la dedicaci\u00f3 de la Seu, la dona emparedada, el drac de na Coca, la rel\u00edquia de Sant Sebasti\u00e0 o la llegenda de Sant Jordi<\/span><\/p>\n<ul>\n<li><strong>Dia 23 de novembre 10.00 catal\u00e0 | 11.30 castell\u00e0<\/strong><\/li>\n<li data-mce-style=\"text-align: justify;\" style=\"text-align: justify;\"><span style=\"font-size: 12.0pt; font-family: 'Helvetica',sans-serif; color: #191919;\" data-mce-style=\"font-size: 12.0pt; font-family: 'Helvetica',sans-serif; color: #191919;\">.Durada de la visita: 75 minuts<\/span><\/li>\n<li>Punt de trobada: Portal de l\u2019Almoina<\/li>\n<\/ul>\n<p>[\/et_pb_text][\/et_pb_column][\/et_pb_row][\/et_pb_section]<\/p>\n","protected":false},"excerpt":{"rendered":"<p>En aquesta visita, coneixerem les llegendes i hist\u00f2ries populars m\u00e9s famoses relacionades amb La Seu i el Museu d\u2019Art Sacre de Mallorca.<\/p>\n","protected":false},"author":2,"featured_media":9782,"comment_status":"closed","ping_status":"closed","sticky":false,"template":"","format":"standard","meta":{"_et_pb_use_builder":"on","_et_pb_old_content":"<p>En esta visita, conoceremos las leyendas e historias populares m\u00e1s famosas relacionadas con la Catedral y el Museo de Arte Sacro de Mallorca, como la leyenda del rey Jaime I y la dedicaci\u00f3n de la Catedral, la mujer emparedada, el drac de na Coca, la rel\u00edquia de San Sebasti\u00e1n o la leyenda de San Jorge.<\/p><ul><li><strong>Dia 23 de noviembre 10.00 catal\u00e1n | 11.30 castellano<\/strong><\/li><li>Duraci\u00f3n de la visita: 75 minutos<\/li><li>Punto de encuentro: \u00a0Portal de la Almoina<\/li><\/ul><p><img class=\"aligncenter size-medium wp-image-9781\" src=\"https:\/\/catedraldemallorca.org\/wp-content\/uploads\/2022\/11\/23_noviembre-300x225.jpg\" alt=\"\" width=\"300\" height=\"225\" \/><\/p><p>\u00a0<\/p>","_et_gb_content_width":"","footnotes":""},"categories":[21,43],"tags":[],"class_list":["post-9795","post","type-post","status-publish","format-standard","has-post-thumbnail","hentry","category-noticias","category-noticies"],"_links":{"self":[{"href":"https:\/\/catedraldemallorca.org\/ca\/wp-json\/wp\/v2\/posts\/9795","targetHints":{"allow":["GET"]}}],"collection":[{"href":"https:\/\/catedraldemallorca.org\/ca\/wp-json\/wp\/v2\/posts"}],"about":[{"href":"https:\/\/catedraldemallorca.org\/ca\/wp-json\/wp\/v2\/types\/post"}],"author":[{"embeddable":true,"href":"https:\/\/catedraldemallorca.org\/ca\/wp-json\/wp\/v2\/users\/2"}],"replies":[{"embeddable":true,"href":"https:\/\/catedraldemallorca.org\/ca\/wp-json\/wp\/v2\/comments?post=9795"}],"version-history":[{"count":12,"href":"https:\/\/catedraldemallorca.org\/ca\/wp-json\/wp\/v2\/posts\/9795\/revisions"}],"predecessor-version":[{"id":9809,"href":"https:\/\/catedraldemallorca.org\/ca\/wp-json\/wp\/v2\/posts\/9795\/revisions\/9809"}],"wp:featuredmedia":[{"embeddable":true,"href":"https:\/\/catedraldemallorca.org\/ca\/wp-json\/wp\/v2\/media\/9782"}],"wp:attachment":[{"href":"https:\/\/catedraldemallorca.org\/ca\/wp-json\/wp\/v2\/media?parent=9795"}],"wp:term":[{"taxonomy":"category","embeddable":true,"href":"https:\/\/catedraldemallorca.org\/ca\/wp-json\/wp\/v2\/categories?post=9795"},{"taxonomy":"post_tag","embeddable":true,"href":"https:\/\/catedraldemallorca.org\/ca\/wp-json\/wp\/v2\/tags?post=9795"}],"curies":[{"name":"wp","href":"https:\/\/api.w.org\/{rel}","templated":true}]}}